{"id":63427,"date":"2019-10-05T05:30:00","date_gmt":"2019-10-05T09:30:00","guid":{"rendered":"https:\/\/linitiative.ca\/International\/qui-est-patrice-cousineau-ambassadeur-du-canada-en-tunisie\/"},"modified":"2019-10-05T05:30:00","modified_gmt":"2019-10-05T09:30:00","slug":"qui-est-patrice-cousineau-ambassadeur-du-canada-en-tunisie","status":"publish","type":"post","link":"https:\/\/linitiative.ca\/International\/qui-est-patrice-cousineau-ambassadeur-du-canada-en-tunisie\/","title":{"rendered":"Qui est Patrice Cousineau Ambassadeur du Canada en Tunisie"},"content":{"rendered":"<p>Juriste, jusque-l\u00e0 directeur de la Direction du Commonwealth et de la Francophonie (2016 \u00e0 2019). En 27 ans de carri\u00e8re depuis son int\u00e9gration en 1992 aux Affaires ext\u00e9rieures et Commerce ext\u00e9rieur, il a \u00e9t\u00e9 directeur adjoint de la Direction du droit humanitaire, des droits de la personne et du droit \u00e9conomique de 2000 \u00e0 2003, directeur de la Direction du droit des oc\u00e9ans et de l\u2019environnement de 2010 \u00e0 2012. \u00c0 l\u2019\u00e9tranger, il a \u00e9t\u00e9 affect\u00e9 \u00e0 S\u00e9oul en tant qu\u2019agent politique de 1994 \u00e0 1997, \u00e0 Hong Kong \u00e0 titre de chef de la section des relations politiques et \u00e9conomiques et des affaires publiques de 2003 \u00e0 2007, \u00e0 Beijing comme porte-parole de l\u2019ambassade, conseiller et chef de la section des affaires publiques de 2007 \u00e0 2010, et \u00e0 Bangkok en tant que conseiller et chef de la Direction des relations politiques et \u00e9conomiques de 2012 \u00e0 2016.<br \/>\u00a0<\/p>\n<p class=\"c2\"><strong><a href=\"https:\/\/www.leaders.com.tn\/le_mensuel_abonnez_vous\" target=\"_blank\" rel=\"noopener noreferrer\"><img loading=\"lazy\" decoding=\"async\" src=\"\/uploads\/FCK_files\/Bandeau-Leaders-1-copie(22).jpg\" alt=\"\" width=\"500\" vspace=\"5\" hspace=\"5\" height=\"128\" align=\"middle\"\/><\/a><\/strong><\/p>\n<p>Auteur:<br \/>\n<a href=\"https:\/\/www.leaders.com.tn\/article\/28134-qui-est-patrice-cousineau-ambassadeur-du-canada-en-tunisie\">Cliquez ici pour lire l&rsquo;article depuis sa source.<\/a><\/p>\n","protected":false},"excerpt":{"rendered":"<p>Juriste, jusque-l\u00e0 directeur de la Direction du Commonwealth et de la Francophonie (2016 \u00e0 2019). En 27 ans de carri\u00e8re depuis son int\u00e9gration en 1992 aux Affaires ext\u00e9rieures et Commerce ext\u00e9rieur, il a \u00e9t\u00e9 directeur adjoint de la Direction du droit humanitaire, des droits de la personne et du droit \u00e9conomique de 2000 \u00e0 2003, [&hellip;]<\/p>\n","protected":false},"author":1772,"featured_media":63428,"comment_status":"closed","ping_status":"closed","sticky":false,"template":"","format":"standard","meta":{"fifu_image_url":"","fifu_image_alt":"","footnotes":""},"categories":[73,55],"tags":[],"class_list":["post-63427","post","type-post","status-publish","format-standard","has-post-thumbnail","hentry","category-actualite","category-tunisie"],"_links":{"self":[{"href":"https:\/\/linitiative.ca\/International\/wp-json\/wp\/v2\/posts\/63427","targetHints":{"allow":["GET"]}}],"collection":[{"href":"https:\/\/linitiative.ca\/International\/wp-json\/wp\/v2\/posts"}],"about":[{"href":"https:\/\/linitiative.ca\/International\/wp-json\/wp\/v2\/types\/post"}],"author":[{"embeddable":true,"href":"https:\/\/linitiative.ca\/International\/wp-json\/wp\/v2\/users\/1772"}],"replies":[{"embeddable":true,"href":"https:\/\/linitiative.ca\/International\/wp-json\/wp\/v2\/comments?post=63427"}],"version-history":[{"count":0,"href":"https:\/\/linitiative.ca\/International\/wp-json\/wp\/v2\/posts\/63427\/revisions"}],"wp:featuredmedia":[{"embeddable":true,"href":"https:\/\/linitiative.ca\/International\/wp-json\/"}],"wp:attachment":[{"href":"https:\/\/linitiative.ca\/International\/wp-json\/wp\/v2\/media?parent=63427"}],"wp:term":[{"taxonomy":"category","embeddable":true,"href":"https:\/\/linitiative.ca\/International\/wp-json\/wp\/v2\/categories?post=63427"},{"taxonomy":"post_tag","embeddable":true,"href":"https:\/\/linitiative.ca\/International\/wp-json\/wp\/v2\/tags?post=63427"}],"curies":[{"name":"wp","href":"https:\/\/api.w.org\/{rel}","templated":true}]}}