{"id":63431,"date":"2019-10-05T06:00:00","date_gmt":"2019-10-05T10:00:00","guid":{"rendered":"https:\/\/linitiative.ca\/International\/petits-flans-pomme-chocolat\/"},"modified":"2019-10-05T06:00:00","modified_gmt":"2019-10-05T10:00:00","slug":"petits-flans-pomme-chocolat","status":"publish","type":"post","link":"https:\/\/linitiative.ca\/International\/petits-flans-pomme-chocolat\/","title":{"rendered":"Petits flans pomme-chocolat"},"content":{"rendered":"<p><em><strong>1 pomme (moyenne), 1 \u0153uf, 18 cl de lait, 20 g de farine, 20 g de sucre, 1\/2 c. \u00e0 s. de cacao\u00a0<\/strong><\/em><\/p>\n<p>Pr\u00e9chauffer votre four \u00e0 180\u00b0C. Peler et \u00e9p\u00e9piner la pomme. La d\u00e9tailler en fines lamelles et les disposer dans des petits ramequins (beurr\u00e9s ou non). Dans un saladier, verser la farine, le sucre et le cacao. Ajouter l&rsquo;\u0153uf et m\u00e9langer jusqu&rsquo;\u00e0 l&rsquo;incorporation compl\u00e8te des ingr\u00e9dients secs. Ajouter le lait et fouetter vigoureusement. Verser dans les petits moules, et enfourner pour 25 mn \u00e0 180\u00b0C.<\/p>\n<p>Auteur:<br \/>\n<a href=\"https:\/\/www.lesoirdalgerie.com\/femme-magazine\/petits-flans-pomme-chocolat-31289\">Cliquez ici pour lire l&rsquo;article depuis sa source.<\/a><\/p>\n","protected":false},"excerpt":{"rendered":"<p>1 pomme (moyenne), 1 \u0153uf, 18 cl de lait, 20 g de farine, 20 g de sucre, 1\/2 c. \u00e0 s. de cacao\u00a0 Pr\u00e9chauffer votre four \u00e0 180\u00b0C. Peler et \u00e9p\u00e9piner la pomme. La d\u00e9tailler en fines lamelles et les disposer dans des petits ramequins (beurr\u00e9s ou non). Dans un saladier, verser la farine, le [&hellip;]<\/p>\n","protected":false},"author":1741,"featured_media":0,"comment_status":"closed","ping_status":"closed","sticky":false,"template":"","format":"standard","meta":{"fifu_image_url":"","fifu_image_alt":"","footnotes":""},"categories":[73,53],"tags":[],"class_list":["post-63431","post","type-post","status-publish","format-standard","hentry","category-actualite","category-algerie"],"_links":{"self":[{"href":"https:\/\/linitiative.ca\/International\/wp-json\/wp\/v2\/posts\/63431","targetHints":{"allow":["GET"]}}],"collection":[{"href":"https:\/\/linitiative.ca\/International\/wp-json\/wp\/v2\/posts"}],"about":[{"href":"https:\/\/linitiative.ca\/International\/wp-json\/wp\/v2\/types\/post"}],"author":[{"embeddable":true,"href":"https:\/\/linitiative.ca\/International\/wp-json\/wp\/v2\/users\/1741"}],"replies":[{"embeddable":true,"href":"https:\/\/linitiative.ca\/International\/wp-json\/wp\/v2\/comments?post=63431"}],"version-history":[{"count":0,"href":"https:\/\/linitiative.ca\/International\/wp-json\/wp\/v2\/posts\/63431\/revisions"}],"wp:attachment":[{"href":"https:\/\/linitiative.ca\/International\/wp-json\/wp\/v2\/media?parent=63431"}],"wp:term":[{"taxonomy":"category","embeddable":true,"href":"https:\/\/linitiative.ca\/International\/wp-json\/wp\/v2\/categories?post=63431"},{"taxonomy":"post_tag","embeddable":true,"href":"https:\/\/linitiative.ca\/International\/wp-json\/wp\/v2\/tags?post=63431"}],"curies":[{"name":"wp","href":"https:\/\/api.w.org\/{rel}","templated":true}]}}