{"id":63432,"date":"2019-10-05T06:00:00","date_gmt":"2019-10-05T10:00:00","guid":{"rendered":"https:\/\/linitiative.ca\/International\/la-creme-de-nuit\/"},"modified":"2019-10-05T06:00:00","modified_gmt":"2019-10-05T10:00:00","slug":"la-creme-de-nuit","status":"publish","type":"post","link":"https:\/\/linitiative.ca\/International\/la-creme-de-nuit\/","title":{"rendered":"La cr\u00e8me de nuit !"},"content":{"rendered":"<p>Les besoins de la peau \u00e9voluent en fonction du moment de la journ\u00e9e, d\u2019o\u00f9 l\u2019existence de la cr\u00e8me de jour et de la cr\u00e8me de nuit qui viennent nourrir diff\u00e9remment la peau.\u00a0<br \/>La cr\u00e8me de nuit aide la peau \u00e0 capter les actifs n\u00e9cessaires \u00e0 sa r\u00e9g\u00e9n\u00e9ration.\u00a0<br \/>Le jour, la peau se prot\u00e8ge contre les agressions ext\u00e9rieures telles que les UV ou la pollution.\u00a0<br \/>La nuit, elle travaille \u00e0 son renouvellement cellulaire. L\u2019id\u00e9e d\u2019un soin la nuit est d\u2019optimiser le processus naturel de r\u00e9paration des dommages accumul\u00e9s durant la journ\u00e9e et de capter les actifs r\u00e9g\u00e9n\u00e9rants qui lui sont apport\u00e9s.<\/p>\n<p><strong>All\u00e9ger son mascara<\/strong><br \/>Essuyer la brosse avant de la passer sur les cils pour avoir la bonne quantit\u00e9 de mascara et \u00e9viter les exc\u00e8s et les p\u00e2t\u00e9s.\u00a0<\/p>\n<p><strong>LOTION ANTI-COUPEROSE\u00a0<\/strong><br \/>Il vous faut : 3 cuil. \u00e0 soupe de jus d&rsquo;orange press\u00e9e<br \/>&#8211; 1 cuil. \u00e0 caf\u00e9 d&rsquo;huile d&rsquo;olive<br \/>&#8211; 1 cuil. \u00e0 caf\u00e9 de cr\u00e8me fra\u00eeche<br \/>&#8211; 2 cuil. \u00e0 soupe d&rsquo;argile blanche<br \/>M\u00e9langez les ingr\u00e9dients en commen\u00e7ant par l&rsquo;argile, l&rsquo;huile, puis la cr\u00e8me fra\u00eeche et le jus de fruit. Appliquez en couche \u00e9paisse sur les zones du visage concern\u00e9es pendant 20 minutes. Rincez \u00e0 l&rsquo;eau min\u00e9rale.<br \/><strong>Conseil :<\/strong> En compl\u00e9ment, fabriquez-vous une lotion anti-couperose avec de la laitue cuite deux heures dans de l&rsquo;eau min\u00e9rale. Vous en tamponnerez votre visage matin et soir. Gardez-la au frigo dans une bouteille en verre pr\u00e9alablement \u00e9bouillant\u00e9e, pas plus de quatre jours.\u00a0<\/p>\n<p>Auteur:<br \/>\n<a href=\"https:\/\/www.lesoirdalgerie.com\/femme-magazine\/la-creme-de-nuit-31288\">Cliquez ici pour lire l&rsquo;article depuis sa source.<\/a><\/p>\n","protected":false},"excerpt":{"rendered":"<p>Les besoins de la peau \u00e9voluent en fonction du moment de la journ\u00e9e, d\u2019o\u00f9 l\u2019existence de la cr\u00e8me de jour et de la cr\u00e8me de nuit qui viennent nourrir diff\u00e9remment la peau.\u00a0La cr\u00e8me de nuit aide la peau \u00e0 capter les actifs n\u00e9cessaires \u00e0 sa r\u00e9g\u00e9n\u00e9ration.\u00a0Le jour, la peau se prot\u00e8ge contre les agressions ext\u00e9rieures [&hellip;]<\/p>\n","protected":false},"author":1741,"featured_media":0,"comment_status":"closed","ping_status":"closed","sticky":false,"template":"","format":"standard","meta":{"fifu_image_url":"","fifu_image_alt":"","footnotes":""},"categories":[73,53],"tags":[],"class_list":["post-63432","post","type-post","status-publish","format-standard","hentry","category-actualite","category-algerie"],"_links":{"self":[{"href":"https:\/\/linitiative.ca\/International\/wp-json\/wp\/v2\/posts\/63432","targetHints":{"allow":["GET"]}}],"collection":[{"href":"https:\/\/linitiative.ca\/International\/wp-json\/wp\/v2\/posts"}],"about":[{"href":"https:\/\/linitiative.ca\/International\/wp-json\/wp\/v2\/types\/post"}],"author":[{"embeddable":true,"href":"https:\/\/linitiative.ca\/International\/wp-json\/wp\/v2\/users\/1741"}],"replies":[{"embeddable":true,"href":"https:\/\/linitiative.ca\/International\/wp-json\/wp\/v2\/comments?post=63432"}],"version-history":[{"count":0,"href":"https:\/\/linitiative.ca\/International\/wp-json\/wp\/v2\/posts\/63432\/revisions"}],"wp:attachment":[{"href":"https:\/\/linitiative.ca\/International\/wp-json\/wp\/v2\/media?parent=63432"}],"wp:term":[{"taxonomy":"category","embeddable":true,"href":"https:\/\/linitiative.ca\/International\/wp-json\/wp\/v2\/categories?post=63432"},{"taxonomy":"post_tag","embeddable":true,"href":"https:\/\/linitiative.ca\/International\/wp-json\/wp\/v2\/tags?post=63432"}],"curies":[{"name":"wp","href":"https:\/\/api.w.org\/{rel}","templated":true}]}}