{"id":63436,"date":"2019-10-05T05:00:49","date_gmt":"2019-10-05T09:00:49","guid":{"rendered":"https:\/\/linitiative.ca\/International\/paul-pyronnet-expert-en-pnl-chez-tous-les-entrepreneurs-je-pense-quil-y-a-cette-passion-qui-va-au-dela-du-fait-de-gagner-de-largent\/"},"modified":"2019-10-05T05:00:49","modified_gmt":"2019-10-05T09:00:49","slug":"paul-pyronnet-expert-en-pnl-chez-tous-les-entrepreneurs-je-pense-quil-y-a-cette-passion-qui-va-au-dela-du-fait-de-gagner-de-largent","status":"publish","type":"post","link":"https:\/\/linitiative.ca\/International\/paul-pyronnet-expert-en-pnl-chez-tous-les-entrepreneurs-je-pense-quil-y-a-cette-passion-qui-va-au-dela-du-fait-de-gagner-de-largent\/","title":{"rendered":"Paul Pyronnet, expert en PNL : \u00ab Chez tous les entrepreneurs, je pense  qu\u2019il y a cette passion qui va au-del\u00e0 du fait de gagner de l\u2019argent \u00bb"},"content":{"rendered":"<p><strong>Le conf\u00e9rencier international a anim\u00e9 les 04 et 05 octobre 2019 \u00e0 Casablanca un s\u00e9minaire sur \u00ab\u00a07 leviers puissants pour r\u00e9ussir vos r\u00eaves d\u2019entrepreneurs\u00a0\u00bb.<\/strong><\/p>\n<div class=\"c10\"\/>\n<p><strong>Challenge\u00a0: Quel est le but de ce s\u00e9minaire\u00a0?<\/strong><\/p>\n<p><strong>Paul Pyronnet<\/strong> : Il s\u2019agit d\u2019un th\u00e8me qui me passionne beaucoup et qui est celui d\u2019accompagner des professionnels \u00e0 entreprendre. Il s\u2019agit de d\u00e9couvrir quels sont ces leviers important qu\u2019on retrouve chez les personnes qui r\u00e9ussissent. J\u2019ai toujours \u00e9t\u00e9 passionn\u00e9 de regarder ce qui marche \u00e0 chaque fois pour \u00e9clairer les personnes sur les points de vigilance qu\u2019ils peuvent mettre en place pour grandir.<\/p>\n<p><strong>Challenge\u00a0: A qui est destin\u00e9 ce s\u00e9minaire\u00a0?<\/strong><\/p>\n<p><strong>Paul Pyronnet<\/strong> : La plupart des participants sont des dirigeants, des responsables de d\u00e9partement mais aussi des entrepreneurs \u00e0 titre individuel (coachs, formateurs, consultants\u2026). Ils ont tous en commun cette ambition d\u2019<strong>entreprendre<\/strong>. En d\u2019autres mots, \u00e9voluer que ce soit au sein d\u2019une grosse organisation ou \u00e0 titre individuel. Ils partagent tous la dimension humaine, c\u2019est-\u00e0-dire quelque soit l\u2019environnement dans lequel je vais \u00e9voluer, ce qui va faire une \u00e9norme diff\u00e9rence sur le plan des mois et des ann\u00e9es est la mobilisation dans laquelle je suis int\u00e9rieurement. En d\u2019autres termes, toute la richesse humaine est d\u2019abord \u00e0 l\u2019int\u00e9rieur mais c\u2019est \u00e0 travers nos projets qu\u2019elle va se r\u00e9v\u00e9ler. Les participants ont tous \u00e0 c\u0153ur d\u2019\u00e9voluer et de changer. C\u2019est la raison qui les a emmen\u00e9s ici.<\/p>\n<p><strong>Quels sont donc ces 7 leviers\u00a0?<\/strong><\/p>\n<p>Il y a tout d\u2019abord le point le plus fondamental qui est qu\u2019est-ce qui m\u2019anime int\u00e9rieurement. Je pense que chez tous les entrepreneurs il y a cette passion, qui va au-del\u00e0 du fait de gagner de l\u2019argent, qui est vraiment de rendre service et de contribuer. Quand les gens sont vraiment anim\u00e9s de l\u2019int\u00e9rieur, ils r\u00e9ussissent quelles que soient les contraintes qu\u2019ils vont rencontrer. Si \u00e7a ne rentre pas par la porte, \u00e7a rentrera par la fen\u00eatre. C\u2019est cette dimension int\u00e9rieure qui selon moi donne du sens \u00e0 notre vie. Apr\u00e8s il y a un deuxi\u00e8me levier tr\u00e8s important qui est la notion d\u2019exemplarit\u00e9. C\u2019est-\u00e0-dire des mentors, des personnes qui vont nous inspirer \u00e0 grandir, \u00e0 \u00e9voluer et \u00e0 fonctionner de telle ou telle mani\u00e8re. Ils repr\u00e9sentent par cons\u00e9quent des acc\u00e9l\u00e9rateurs de progression.<\/p>\n<p>Troisi\u00e8me levier\u00a0: l\u2019\u00e9quipe. On dit souvent que seul on va vite mais ensemble on va plus loin. Je crois personnellement que l\u2019on va \u00e0 la fois plus vite et plus loin. La richesse d\u2019une \u00e9quipe c\u2019est d\u2019apporter des comp\u00e9tences, des connaissances et des ressources dont je ne dispose pas. Tous ceux qui ont r\u00e9ussi ont su construire des \u00e9quipes. Ensuite il y a les r\u00e9seaux, c\u2019est-\u00e0-dire toutes les connexions qu\u2019ont peut avoir. Il est clair qu\u2019en fonction de la qualit\u00e9 du r\u00e9seau dans lequel nous sommes, nous allons b\u00e9n\u00e9ficier ou non de l\u2019acc\u00e9l\u00e9ration. Ensuite il y a l\u2019expertise, c\u2019est-\u00e0-dire qu\u2019est-ce qu\u2019on a au fond de nous de diff\u00e9rent, sur quelle sensibilit\u00e9 particuli\u00e8re on aurait envie de s\u2019exposer davantage. Cette expertise se refl\u00e8te \u00e0 la fois dans la ma\u00eetrise de son m\u00e9tier mais aussi dans la mani\u00e8re de l\u2019exprimer.<\/p>\n<p>Le sixi\u00e8me levier est relatif \u00e0 la technologie. Aujourd\u2019hui, nous sommes entour\u00e9s de technologie extr\u00eamement riche. L\u2019id\u00e9e n\u2019est pas de se noyer dans la technologie mais de trouver celle qui va \u00eatre au service de notre projet. Enfin, le dernier point qui est le plus important, c\u2019est cette volont\u00e9 d\u2019oser prendre sa place dans ce monde. Tout cela est tributaire d\u2019un travail d\u2019\u00e9volution personnelle. Ce sont donc ces leviers sur lesquels je m\u2019appuie depuis 30 ans maintenant pour accompagner chaque ann\u00e9e des centaines de personnes \u00e0 devenir l\u2019auteur, l\u2019acteur et le cr\u00e9ateur de ce \u00e0 quoi ils aspirent.<\/p>\n<div class=\"c17\">\n<fieldset class=\"c16\">\n<legend><strong><span class=\"c11\">Challenge<\/span><span class=\"c12\">news<\/span><\/strong><\/legend>\n<div class=\"c15\">Le meilleur de la r\u00e9daction s\u00e9lectionn\u00e9 par Challenge :<\/p>\n<\/div>\n<\/fieldset>\n<\/div>\n<p>Auteur: challenge<br \/>\n<a href=\"https:\/\/www.challenge.ma\/paul-pyronnet-expert-en-pnl-je-pense-que-chez-tous-les-entrepreneurs-il-y-a-cette-passion-qui-va-au-dela-du-fait-de-gagner-de-largent-119238\/\">Cliquez ici pour lire l&rsquo;article depuis sa source.<\/a><\/p>\n","protected":false},"excerpt":{"rendered":"<p>Le conf\u00e9rencier international a anim\u00e9 les 04 et 05 octobre 2019 \u00e0 Casablanca un s\u00e9minaire sur \u00ab\u00a07 leviers puissants pour r\u00e9ussir vos r\u00eaves d\u2019entrepreneurs\u00a0\u00bb. Challenge\u00a0: Quel est le but de ce s\u00e9minaire\u00a0? Paul Pyronnet : Il s\u2019agit d\u2019un th\u00e8me qui me passionne beaucoup et qui est celui d\u2019accompagner des professionnels \u00e0 entreprendre. Il s\u2019agit de [&hellip;]<\/p>\n","protected":false},"author":1787,"featured_media":0,"comment_status":"closed","ping_status":"closed","sticky":false,"template":"","format":"standard","meta":{"fifu_image_url":"","fifu_image_alt":"","footnotes":""},"categories":[78,54],"tags":[],"class_list":["post-63436","post","type-post","status-publish","format-standard","hentry","category-economie","category-maroc"],"_links":{"self":[{"href":"https:\/\/linitiative.ca\/International\/wp-json\/wp\/v2\/posts\/63436","targetHints":{"allow":["GET"]}}],"collection":[{"href":"https:\/\/linitiative.ca\/International\/wp-json\/wp\/v2\/posts"}],"about":[{"href":"https:\/\/linitiative.ca\/International\/wp-json\/wp\/v2\/types\/post"}],"author":[{"embeddable":true,"href":"https:\/\/linitiative.ca\/International\/wp-json\/wp\/v2\/users\/1787"}],"replies":[{"embeddable":true,"href":"https:\/\/linitiative.ca\/International\/wp-json\/wp\/v2\/comments?post=63436"}],"version-history":[{"count":0,"href":"https:\/\/linitiative.ca\/International\/wp-json\/wp\/v2\/posts\/63436\/revisions"}],"wp:attachment":[{"href":"https:\/\/linitiative.ca\/International\/wp-json\/wp\/v2\/media?parent=63436"}],"wp:term":[{"taxonomy":"category","embeddable":true,"href":"https:\/\/linitiative.ca\/International\/wp-json\/wp\/v2\/categories?post=63436"},{"taxonomy":"post_tag","embeddable":true,"href":"https:\/\/linitiative.ca\/International\/wp-json\/wp\/v2\/tags?post=63436"}],"curies":[{"name":"wp","href":"https:\/\/api.w.org\/{rel}","templated":true}]}}