{"id":63437,"date":"2019-10-05T05:20:30","date_gmt":"2019-10-05T09:20:30","guid":{"rendered":"https:\/\/linitiative.ca\/International\/un-proces-destabilisant\/"},"modified":"2019-10-05T05:20:30","modified_gmt":"2019-10-05T09:20:30","slug":"un-proces-destabilisant","status":"publish","type":"post","link":"https:\/\/linitiative.ca\/International\/un-proces-destabilisant\/","title":{"rendered":"Un proc\u00e8s d\u00e9stabilisant"},"content":{"rendered":"<p><strong>L\u2019image du Maroc est \u00e9corn\u00e9e par le verdict concernant Hajar Ra\u00efssouni, les jeunes sont perturb\u00e9s, pourquoi cet acharnement ?<\/strong><\/p>\n<div class=\"c10\"\/>\n<p>La sentence est tomb\u00e9e : la prison ferme pour la journaliste Hajar et ses co-accus\u00e9s. Elle est d\u00e9sormais c\u00e9l\u00e8bre, sa photo a travers\u00e9 l\u2019Atlantique et le New York Times l\u2019a mis \u00e0 la une. Cette c\u00e9l\u00e9brit\u00e9, notre jeune cons\u0153ur s\u2019en serait bien pass\u00e9e.<\/p>\n<p>Sa d\u00e9fense maintient qu\u2019il n\u2019y a jamais eu d\u2019avortement. La th\u00e9orie du complot prend de la substance, on aurait tent\u00e9 \u00e0 travers elle d\u2019atteindre son oncle Ahmed Ra\u00efssouni, pr\u00e9sident du Conseil des Oul\u00e9mas de l\u2019Islam, tr\u00e8s li\u00e9 au Qatar et th\u00e9oricien du MUR. D\u2019autres penchent pour une punition d\u2019articles soutenant le Hirak du Rif. Quoi qu\u2019il en soit, les dommages collat\u00e9raux sont multiples.<\/p>\n<p>Lire aussi : <a href=\"https:\/\/www.challenge.ma\/la-condamnation-de-hajar-raissouni-dans-la-presse-anglophone-118843\/\">La condamnation de Hajar Raissouni dans la presse anglophone<\/a><\/p>\n<p>A l\u2019international, l\u2019image du Maroc a pris un sacr\u00e9 coup, surtout aupr\u00e8s des f\u00e9ministes. Notre pays \u00e9tait pr\u00e9sent\u00e9 comme une exception dans le monde musulman, apr\u00e8s les avanc\u00e9es sur la question du statut personnel et la ratification de la convention de P\u00e9kin. Cette image est s\u00e9rieusement \u00e9corn\u00e9e par ce proc\u00e8s inique.\u00a0<\/p>\n<p>Le d\u00e9bat sur les libert\u00e9s individuelles fait rage chez les jeunes qui ne peuvent plus se contenter de la tol\u00e9rance, puisque les lois obsol\u00e8tes restent une \u00e9p\u00e9e de Damocl\u00e8s. Or ce d\u00e9bat aussi l\u00e9gitime soit-il, est porteur d\u2019un risque de division de la soci\u00e9t\u00e9.<\/p>\n<p><strong>Les m\u00e9dias de la Cor\u00e9e du Nord<\/strong><\/p>\n<p>Alors que l\u2019ensemble des cha\u00eenes \u00e9trang\u00e8res commentaient le jugement, l\u2019audiovisuel public a pr\u00e9f\u00e9r\u00e9 se concentrer sur ce qui se passe en Alg\u00e9rie. Autre image d\u00e9sastreuse pour le Maroc et le fonctionnement de ses institutions.<\/p>\n<p>Il n\u2019y a pas un seul point positif dans cette affaire. S\u2019il y avait volont\u00e9 d\u2019atteindre les islamistes alors c\u2019est rat\u00e9, puisqu\u2019ils b\u00e9n\u00e9ficient d\u2019une forme de soutien par la population ulc\u00e9r\u00e9e de voir une jeune femme tra\u00eener devant les juges, juste parce qu\u2019elle a dispos\u00e9 de son corps.<\/p>\n<p>Comme sur beaucoup de sujets, ils ont eu tout faux. Maintenant, il y a une issue juridique leur permettant de sauver la face. Permettre \u00e0 cette jeune femme, qui a interjet\u00e9 appel, de b\u00e9n\u00e9ficier de la libert\u00e9 provisoire en attendant son proc\u00e8s. Cela est possible juridiquement, intelligent politiquement, apaisant socialement.<\/p>\n<p>Pour notre part, nous nous associons \u00e0 toutes les voix qui se sont \u00e9lev\u00e9es contre ce proc\u00e8s inique, avec des accusations d\u2019un autre temps. Rappelons juste que le Maroc est signataire d\u2019une convention internationale qui d\u00e9fend le droit des femmes \u00e0 disposer de leur corps. Les juges ont pr\u00e9f\u00e9r\u00e9 des lois obsol\u00e8tes. C\u2019est triste.<\/p>\n<div class=\"c17\">\n<fieldset class=\"c16\">\n<legend><strong><span class=\"c11\">Challenge<\/span><span class=\"c12\">news<\/span><\/strong><\/legend>\n<div class=\"c15\">Le meilleur de la r\u00e9daction s\u00e9lectionn\u00e9 par Challenge :<\/p>\n<\/div>\n<\/fieldset>\n<\/div>\n<p>Auteur: Jamal Berraoui<br \/>\n<a href=\"https:\/\/www.challenge.ma\/un-proces-destabilisant-119208\/\">Cliquez ici pour lire l&rsquo;article depuis sa source.<\/a><\/p>\n","protected":false},"excerpt":{"rendered":"<p>L\u2019image du Maroc est \u00e9corn\u00e9e par le verdict concernant Hajar Ra\u00efssouni, les jeunes sont perturb\u00e9s, pourquoi cet acharnement ? La sentence est tomb\u00e9e : la prison ferme pour la journaliste Hajar et ses co-accus\u00e9s. Elle est d\u00e9sormais c\u00e9l\u00e8bre, sa photo a travers\u00e9 l\u2019Atlantique et le New York Times l\u2019a mis \u00e0 la une. Cette c\u00e9l\u00e9brit\u00e9, [&hellip;]<\/p>\n","protected":false},"author":1787,"featured_media":0,"comment_status":"closed","ping_status":"closed","sticky":false,"template":"","format":"standard","meta":{"fifu_image_url":"","fifu_image_alt":"","footnotes":""},"categories":[78,54],"tags":[],"class_list":["post-63437","post","type-post","status-publish","format-standard","hentry","category-economie","category-maroc"],"_links":{"self":[{"href":"https:\/\/linitiative.ca\/International\/wp-json\/wp\/v2\/posts\/63437","targetHints":{"allow":["GET"]}}],"collection":[{"href":"https:\/\/linitiative.ca\/International\/wp-json\/wp\/v2\/posts"}],"about":[{"href":"https:\/\/linitiative.ca\/International\/wp-json\/wp\/v2\/types\/post"}],"author":[{"embeddable":true,"href":"https:\/\/linitiative.ca\/International\/wp-json\/wp\/v2\/users\/1787"}],"replies":[{"embeddable":true,"href":"https:\/\/linitiative.ca\/International\/wp-json\/wp\/v2\/comments?post=63437"}],"version-history":[{"count":0,"href":"https:\/\/linitiative.ca\/International\/wp-json\/wp\/v2\/posts\/63437\/revisions"}],"wp:attachment":[{"href":"https:\/\/linitiative.ca\/International\/wp-json\/wp\/v2\/media?parent=63437"}],"wp:term":[{"taxonomy":"category","embeddable":true,"href":"https:\/\/linitiative.ca\/International\/wp-json\/wp\/v2\/categories?post=63437"},{"taxonomy":"post_tag","embeddable":true,"href":"https:\/\/linitiative.ca\/International\/wp-json\/wp\/v2\/tags?post=63437"}],"curies":[{"name":"wp","href":"https:\/\/api.w.org\/{rel}","templated":true}]}}