{"id":63439,"date":"2019-10-05T12:52:40","date_gmt":"2019-10-05T16:52:40","guid":{"rendered":"https:\/\/linitiative.ca\/International\/formule-e-marrakech-repeche-in-extremis\/"},"modified":"2019-10-05T12:52:40","modified_gmt":"2019-10-05T16:52:40","slug":"formule-e-marrakech-repeche-in-extremis","status":"publish","type":"post","link":"https:\/\/linitiative.ca\/International\/formule-e-marrakech-repeche-in-extremis\/","title":{"rendered":"Formule E : Marrakech rep\u00each\u00e9 in extremis !"},"content":{"rendered":"<p><strong>C\u2019est un retournement de situation pour le moins inesp\u00e9r\u00e9\u00a0! Alors que la manche \u00ab\u00a0marrakchi\u00a0\u00bb du calendrier de la Formule E n\u2019avait clairement pas \u00e9t\u00e9 reconduite pour la nouvelle saison 2019-2020, voici qu\u2019elle refait surface et qu\u2019elle se voit confirm\u00e9e officiellement.<\/strong><\/p>\n<div class=\"c10\"\/>\n<p>C\u2019est ce qu\u2019atteste de fa\u00e7on irr\u00e9m\u00e9diable le calendrier d\u00e9finitif de cette nouvelle saison qui a \u00e9t\u00e9 approuv\u00e9 le vendredi 4 octobre, suite \u00e0 la r\u00e9union du Conseil mondial du sport automobile et de la FIA. La raison en est toute simple\u00a0: compte tenu des manifestations qui secouent actuellement Hong Kong, les responsables de la Formule E et le patron de la FIA, Jean Todt, ont d\u00e9cid\u00e9 d\u2019annuler l\u2019\u00e9preuve qui devait s\u2019y d\u00e9rouler prochainement. Pour rem\u00e9dier \u00e0 cette d\u00e9fection forc\u00e9e, les instances f\u00e9d\u00e9rales sportives se sont rabattues sur le Maroc, r\u00e9int\u00e9grant de facto l\u2019\u00e9preuve \u00ab\u00a0marrakchi\u00a0\u00bb et pr\u00e9f\u00e9rant jouer les cartes de la prudence et de l\u2019exp\u00e9rience.<\/p>\n<p>Cinqui\u00e8me manche de la saison, l\u2019e-prix de Marrakech se d\u00e9roulera le 29 f\u00e9vrier prochain. Toujours est-il que ce choix met en relief le s\u00e9rieux de la destination marocaine et les comp\u00e9tences professionnelles de Marrakech Grand Prix. Un retour qui ne signifie pas pour autant que la FE \u00e9lira domicile dans le Royaume lors des prochaines saisons, mais qui sait\u2026<\/p>\n<p>Rappelons tout de m\u00eame que cette discipline sportive prend de plus en plus d\u2019ampleur, compte tenu de l\u2019engagement des plus grands constructeurs actuels (Audi, BMW, DS, Jaguar, Mercedes, Nissan\u2026) qui voient dans la FE l\u2019avenir du sport automobile de haut niveau. Coup d\u2019envoi de la saison 2019-2020 en Arabie Saoudite le 22 novembre prochain.<\/p>\n<div class=\"c17\">\n<fieldset class=\"c16\">\n<legend><strong><span class=\"c11\">Challenge<\/span><span class=\"c12\">news<\/span><\/strong><\/legend>\n<div class=\"c15\">Le meilleur de la r\u00e9daction s\u00e9lectionn\u00e9 par Challenge :<\/p>\n<\/div>\n<\/fieldset>\n<\/div>\n<p>Auteur: David J\u00e9r\u00e9mie<br \/>\n<a href=\"https:\/\/www.challenge.ma\/formule-e-marrakech-repeche-in-extremis-119255\/\">Cliquez ici pour lire l&rsquo;article depuis sa source.<\/a><\/p>\n","protected":false},"excerpt":{"rendered":"<p>C\u2019est un retournement de situation pour le moins inesp\u00e9r\u00e9\u00a0! Alors que la manche \u00ab\u00a0marrakchi\u00a0\u00bb du calendrier de la Formule E n\u2019avait clairement pas \u00e9t\u00e9 reconduite pour la nouvelle saison 2019-2020, voici qu\u2019elle refait surface et qu\u2019elle se voit confirm\u00e9e officiellement. C\u2019est ce qu\u2019atteste de fa\u00e7on irr\u00e9m\u00e9diable le calendrier d\u00e9finitif de cette nouvelle saison qui a [&hellip;]<\/p>\n","protected":false},"author":1787,"featured_media":0,"comment_status":"closed","ping_status":"closed","sticky":false,"template":"","format":"standard","meta":{"fifu_image_url":"","fifu_image_alt":"","footnotes":""},"categories":[78,54],"tags":[],"class_list":["post-63439","post","type-post","status-publish","format-standard","hentry","category-economie","category-maroc"],"_links":{"self":[{"href":"https:\/\/linitiative.ca\/International\/wp-json\/wp\/v2\/posts\/63439","targetHints":{"allow":["GET"]}}],"collection":[{"href":"https:\/\/linitiative.ca\/International\/wp-json\/wp\/v2\/posts"}],"about":[{"href":"https:\/\/linitiative.ca\/International\/wp-json\/wp\/v2\/types\/post"}],"author":[{"embeddable":true,"href":"https:\/\/linitiative.ca\/International\/wp-json\/wp\/v2\/users\/1787"}],"replies":[{"embeddable":true,"href":"https:\/\/linitiative.ca\/International\/wp-json\/wp\/v2\/comments?post=63439"}],"version-history":[{"count":0,"href":"https:\/\/linitiative.ca\/International\/wp-json\/wp\/v2\/posts\/63439\/revisions"}],"wp:attachment":[{"href":"https:\/\/linitiative.ca\/International\/wp-json\/wp\/v2\/media?parent=63439"}],"wp:term":[{"taxonomy":"category","embeddable":true,"href":"https:\/\/linitiative.ca\/International\/wp-json\/wp\/v2\/categories?post=63439"},{"taxonomy":"post_tag","embeddable":true,"href":"https:\/\/linitiative.ca\/International\/wp-json\/wp\/v2\/tags?post=63439"}],"curies":[{"name":"wp","href":"https:\/\/api.w.org\/{rel}","templated":true}]}}