{"id":63440,"date":"2019-10-05T14:10:35","date_gmt":"2019-10-05T18:10:35","guid":{"rendered":"https:\/\/linitiative.ca\/International\/entreprendre-les-7-leviers-de-reussite\/"},"modified":"2019-10-05T14:10:35","modified_gmt":"2019-10-05T18:10:35","slug":"entreprendre-les-7-leviers-de-reussite","status":"publish","type":"post","link":"https:\/\/linitiative.ca\/International\/entreprendre-les-7-leviers-de-reussite\/","title":{"rendered":"Entreprendre : les 7 leviers de r\u00e9ussite"},"content":{"rendered":"<p><strong>Le s\u00e9minaire de deux jours visait \u00e0 doter les participants des m\u00e9canismes leur permettant de r\u00e9ussir leurs r\u00eaves d\u2019entrepreneurs.<\/strong><\/p>\n<div class=\"c10\"\/>\n<p><strong>LMS Formation<\/strong> a organis\u00e9 les 04 et 05 octobre 2019 \u00e0 Casablanca le s\u00e9minaire \u00ab\u00a07 leviers puissants pour r\u00e9ussir vos r\u00eaves d\u2019entrepreneurs\u00a0\u00bb.\u00a0Plus d\u2019une trentaine de participants de diff\u00e9rents bords ont ainsi r\u00e9pondu pr\u00e9sent \u00e0 cette formation anim\u00e9e par l\u2019expert en\u00a0programmation neuro-linguistique (PNL) Paul Pyronnet.<\/p>\n<p>Le fondateur de <strong>Paul Pyronnet Institut<\/strong> a expos\u00e9 durant ces deux jours son exp\u00e9rience relative aux 7 piliers fondamentaux qui selon lui ont contribu\u00e9 \u00e0 la r\u00e9ussite de plusieurs leaders. Il s\u2019agit du r\u00eave, la vision et valeurs\u00a0; les mentors\u00a0; la construction d\u2019une \u00e9quipe\u00a0; la construction d\u2019un r\u00e9seau\u00a0; la valorisation d\u2019une expertise\u00a0; l\u2019exploitation des bonnes technologies et oser exprimer son audace. \u00ab\u00a0Il s\u2019agit d\u2019un th\u00e8me qui me passionne beaucoup, celui d\u2019accompagner des professionnels \u00e0 <strong>entreprendre<\/strong>. Je me suis toujours int\u00e9ress\u00e9 aux ingr\u00e9dients de r\u00e9ussite qui me permettent d\u2019\u00e9clairer les gens sur les points de vigilance qu\u2019ils peuvent mettre en place pour grandir\u00a0\u00bb, explique l\u2019animateur du s\u00e9minaire.\u00a0<\/p>\n<div class=\"wp-block-image\"><img loading=\"lazy\" decoding=\"async\" src=\"https:\/\/www.challenge.ma\/wp-content\/uploads\/2019\/10\/DSC_0068-1024x680.jpg\" alt=\"\" class=\"wp-image-119244\" width=\"538\" height=\"357\" srcset=\"https:\/\/www.challenge.ma\/wp-content\/uploads\/2019\/10\/DSC_0068-1024x680.jpg 1024w, https:\/\/www.challenge.ma\/wp-content\/uploads\/2019\/10\/DSC_0068-300x199.jpg 300w, https:\/\/www.challenge.ma\/wp-content\/uploads\/2019\/10\/DSC_0068-768x510.jpg 768w, https:\/\/www.challenge.ma\/wp-content\/uploads\/2019\/10\/DSC_0068-360x239.jpg 360w, https:\/\/www.challenge.ma\/wp-content\/uploads\/2019\/10\/DSC_0068-750x498.jpg 750w\" sizes=\"auto, (max-width: 538px) 100vw, 538px\"\/><\/div>\n<p>Pour ce faire, le conf\u00e9rencier international a altern\u00e9 durant ces deux jours pr\u00e9sentations et workshops \u00e0 deux et quatre personnes. Paul Pyronnet n\u2019a pas h\u00e9sit\u00e9 \u00e0 faire appel \u00e0 ses exp\u00e9riences personnelles (famille, personnes qui l\u2019ont marqu\u00e9, collaborateurs\u2026) mais aussi aux anecdotes pour faire passer son message\u00a0: c\u2019est en agissant et en influen\u00e7ant son environnement qu\u2019une personne se met dans de meilleures dispositions lui permettant de mieux r\u00e9agir aux situations auxquelles elle est confront\u00e9e.<\/p>\n<p>A coup d\u2019exemples et d\u2019exercices pratiques, l\u2019expert a d\u00e9montr\u00e9 aux participants que l\u2019\u00e9tat d\u2019esprit est primordial. \u00ab\u00a0Le point le plus fondamental est qu\u2019est ce qui anime profond\u00e9ment une personne. Je pense qu\u2019il y a chez tous les entrepreneurs cette passion qui va au-del\u00e0 du fait de gagner de l\u2019argent. Il s\u2019agit tout simplement de rendre service et de contribuer. Quand les gens sont vraiment anim\u00e9s de l\u2019int\u00e9rieur, ils r\u00e9ussissent quelles que soient les contraintes qu\u2019ils vont rencontrer. C\u2019est cette dimension int\u00e9rieure qui donne selon moi du sens \u00e0 notre vie\u00a0\u00bb, note <strong>Paul Pyronnet<\/strong>.<\/p>\n<div class=\"c17\">\n<fieldset class=\"c16\">\n<legend><strong><span class=\"c11\">Challenge<\/span><span class=\"c12\">news<\/span><\/strong><\/legend>\n<div class=\"c15\">Le meilleur de la r\u00e9daction s\u00e9lectionn\u00e9 par Challenge :<\/p>\n<\/div>\n<\/fieldset>\n<\/div>\n<p>Auteur: challenge<br \/>\n<a href=\"https:\/\/www.challenge.ma\/entreprendre-les-7-leviers-de-reussite-119241\/\">Cliquez ici pour lire l&rsquo;article depuis sa source.<\/a><\/p>\n","protected":false},"excerpt":{"rendered":"<p>Le s\u00e9minaire de deux jours visait \u00e0 doter les participants des m\u00e9canismes leur permettant de r\u00e9ussir leurs r\u00eaves d\u2019entrepreneurs. LMS Formation a organis\u00e9 les 04 et 05 octobre 2019 \u00e0 Casablanca le s\u00e9minaire \u00ab\u00a07 leviers puissants pour r\u00e9ussir vos r\u00eaves d\u2019entrepreneurs\u00a0\u00bb.\u00a0Plus d\u2019une trentaine de participants de diff\u00e9rents bords ont ainsi r\u00e9pondu pr\u00e9sent \u00e0 cette formation [&hellip;]<\/p>\n","protected":false},"author":1787,"featured_media":63441,"comment_status":"closed","ping_status":"closed","sticky":false,"template":"","format":"standard","meta":{"fifu_image_url":"","fifu_image_alt":"","footnotes":""},"categories":[78,54],"tags":[],"class_list":["post-63440","post","type-post","status-publish","format-standard","has-post-thumbnail","hentry","category-economie","category-maroc"],"_links":{"self":[{"href":"https:\/\/linitiative.ca\/International\/wp-json\/wp\/v2\/posts\/63440","targetHints":{"allow":["GET"]}}],"collection":[{"href":"https:\/\/linitiative.ca\/International\/wp-json\/wp\/v2\/posts"}],"about":[{"href":"https:\/\/linitiative.ca\/International\/wp-json\/wp\/v2\/types\/post"}],"author":[{"embeddable":true,"href":"https:\/\/linitiative.ca\/International\/wp-json\/wp\/v2\/users\/1787"}],"replies":[{"embeddable":true,"href":"https:\/\/linitiative.ca\/International\/wp-json\/wp\/v2\/comments?post=63440"}],"version-history":[{"count":0,"href":"https:\/\/linitiative.ca\/International\/wp-json\/wp\/v2\/posts\/63440\/revisions"}],"wp:featuredmedia":[{"embeddable":true,"href":"https:\/\/linitiative.ca\/International\/wp-json\/"}],"wp:attachment":[{"href":"https:\/\/linitiative.ca\/International\/wp-json\/wp\/v2\/media?parent=63440"}],"wp:term":[{"taxonomy":"category","embeddable":true,"href":"https:\/\/linitiative.ca\/International\/wp-json\/wp\/v2\/categories?post=63440"},{"taxonomy":"post_tag","embeddable":true,"href":"https:\/\/linitiative.ca\/International\/wp-json\/wp\/v2\/tags?post=63440"}],"curies":[{"name":"wp","href":"https:\/\/api.w.org\/{rel}","templated":true}]}}