{"id":63444,"date":"2019-10-05T15:18:05","date_gmt":"2019-10-05T19:18:05","guid":{"rendered":"https:\/\/linitiative.ca\/International\/festival-du-court-metrage-mediterraneen-de-tanger-un-critique-de-cinema-appelle-a-revoir-les-criteres-de-selection-des-films\/"},"modified":"2019-10-05T15:18:05","modified_gmt":"2019-10-05T19:18:05","slug":"festival-du-court-metrage-mediterraneen-de-tanger-un-critique-de-cinema-appelle-a-revoir-les-criteres-de-selection-des-films","status":"publish","type":"post","link":"https:\/\/linitiative.ca\/International\/festival-du-court-metrage-mediterraneen-de-tanger-un-critique-de-cinema-appelle-a-revoir-les-criteres-de-selection-des-films\/","title":{"rendered":"Festival du court-m\u00e9trage m\u00e9diterran\u00e9en de Tanger : Un critique de cin\u00e9ma appelle \u00e0 revoir les crit\u00e8res de s\u00e9lection des films"},"content":{"rendered":"<div readability=\"32\">\n<p>Publi\u00e9 le 05.10.2019 \u00e0 20h18 par APA News<\/p>\n<\/div>\n<div readability=\"127\">\n<p>Le critique de cin\u00e9ma, Yasmine Bouchfar a appel\u00e9 \u00e0 la r\u00e9vision des crit\u00e8res de selection des films en comp\u00e9tition pour les prix du Festival du court-m\u00e9trage m\u00e9diterran\u00e9en de Tanger, eu \u00e9gard \u00e0 la qualit\u00e9 du produit cin\u00e9matographique qui reste en de\u00e7\u00e0 des aspirations du public cin\u00e9phile.Par Hicham Alaoui<\/p>\n<p>\u00ab Nous avons ressentis la m\u00e9diocrit\u00e9 du produit dans chaque s\u00e9ance de projection. 1 sur 6 films projet\u00e9s par s\u00e9ance ou 2 sur 6 au maximum qui peuvent se pr\u00e9valoir d\u2019une excellente qualit\u00e9. Le reste n\u2019a qu\u2019un aspect courant (\u2026). Il faut revoir les crit\u00e8res de s\u00e9lection de films \u00bb, a-t-elle plaid\u00e9 dans un entretien accord\u00e9 \u00e0 APA, en marge de la 17\u00e8me \u00e9dition du Festival du court-m\u00e9trage M\u00e9diterran\u00e9en, qui se d\u00e9roule du 30 septembre au 5 octobre 2019 \u00e0 Tanger.<\/p>\n<p>Selon Bouchfar, qui est membre de l\u2019Association marocaine des critiques de cin\u00e9ma, certains films projet\u00e9s dans le cadre de la comp\u00e9tition officielle, manquent de la \u00ab touche cr\u00e9ative et de la vision cin\u00e9matographique \u00bb et \u00a0pourtant \u00ab ils sont l\u00e0 s\u00e9lectionn\u00e9s et projet\u00e9s \u00bb, a-t-elle d\u00e9plor\u00e9.<\/p>\n<p>Elle a, \u00e0 cet \u00e9gard, insist\u00e9 sur la n\u00e9cessit\u00e9 d\u2019intensifier la formation des jeunes dans les m\u00e9tiers du cin\u00e9ma et de leur apprendre \u00e0 produire des films de qualit\u00e9 meilleure, tout en les incitant \u00ab \u00e0 se poser la question : pourquoi je veux faire un film ?, \u00a0avant de se lancer dans le projet \u00bb. \u00ab C\u2019est important \u00bb, a martel\u00e9 Yasmine Bouchfar, qui est laur\u00e9ate en 2017 du Grand Prix de la critique cin\u00e9matographique au Festival Tasmit du cin\u00e9ma de la critique \u00e0 la ville marocaine de Beni M\u00e9llal.<\/p>\n<p>Selon elle, \u00ab les jeunes qui veulent faire du cin\u00e9ma doivent s\u2019adonner \u00e0 la lecture et voir les films produits par les autres pays afin de disposer d\u2019un riche background et d\u2019\u00eatre au fait des exp\u00e9riences et du savoir-faire cin\u00e9matographiques des autres, car le cin\u00e9ma est universel \u00bb.<\/p>\n<p>Sur un autre registre, le critique du cin\u00e9ma, Yasmine Bouchfar a regrett\u00e9 la d\u00e9saffection du public pour les salles de cin\u00e9ma. \u00ab La salle de cin\u00e9ma, o\u00f9 sont projet\u00e9s les films de ce festival, est vide, chose qui en dit long sur la culture cin\u00e9matographique chez les Marocains et franchement je ne sais pas pourquoi ? \u00bb, s\u2019est-elle interrog\u00e9e, sachant que le festival est brillamment m\u00e9diatis\u00e9 avec des affiches install\u00e9es partout dans la ville du D\u00e9troit, outre la publicit\u00e9 v\u00e9hicul\u00e9e via les supports audiovisuels.<\/p>\n<p>Pour elle, il faut m\u00e9diatiser \u00e0 grande \u00e9chelle cet \u00e9v\u00e9nement phare du cin\u00e9ma m\u00e9diterran\u00e9en, et ce par le biais des r\u00e9seaux sociaux afin de sensibiliser le public et notamment les jeunes \u00e0 l\u2019importance de ce genre d\u2019\u00e9v\u00e9nement car ce sont eux la rel\u00e8ve.<\/p>\n<p>Et de conclure que les jeunes cin\u00e9astes en herbe doivent saisir l\u2019opportunit\u00e9 du Festival du court-m\u00e9trage de Tanger pour innover et faire montre de sens de cr\u00e9ativit\u00e9 afin de mitonner un plat cin\u00e9matographique des plus go\u00fbteux.<\/p>\n<p>Laur\u00e9ate du Master M\u00e9dias et Migrations de l\u2019Institut Sup\u00e9rieur de l\u2019Information et de la Communication (ISIC) de Rabat, Yasmine Bouchfar est aussi membre fondatrice de l\u2019association BADRE pour les personnes atteintes de Cancer \u00e0 Sidi Kacem.<\/p>\n<p>La 17\u00e8me \u00e9dition du festival m\u00e9diterran\u00e9en du court-m\u00e9trage, dont le clap de fin est pr\u00e9vu ce samedi dans la soir\u00e9e, a concoct\u00e9 \u00a0un programme riche et vari\u00e9 avec la projection d\u2019une panoplie de films dont 46 court-m\u00e9trages en comp\u00e9tition officielle venus de 17 pays m\u00e9diterran\u00e9ens. Cinq films marocains sont en comp\u00e9tition.<\/p>\n<p>Les films en comp\u00e9tition concourent pour remporter le \u00ab Grand prix \u00bb, les prix du \u00ab jury \u00bb, de la \u00ab r\u00e9alisation \u00bb, du \u00ab meilleur sc\u00e9nario \u00bb, du \u00ab meilleur r\u00f4le masculin \u00bb et du \u00ab meilleur r\u00f4le f\u00e9minin \u00bb.<\/p>\n<p>Ainsi le \u00ab prix des jeunes \u00bb sera attribu\u00e9 par les \u00e9tudiants r\u00e9alisateurs participant au festival, dans le cadre d\u2019une s\u00e9ance d\u00e9di\u00e9e sp\u00e9cialement aux films des \u00e9coles.<\/p>\n<p>Par ailleurs, cette manifestation pr\u00e9voit aussi l\u2019organisation de plusieurs sections dont une intitul\u00e9e \u00abComp\u00e9tition\u00bb. Celle-ci est ouverte aux productions r\u00e9alis\u00e9es par des cin\u00e9astes m\u00e9diterran\u00e9ens, un sp\u00e9cial \u00ab court m\u00e9trage marocain \u00bb, une le\u00e7on de cin\u00e9ma, des d\u00e9bats autour des films en comp\u00e9tition ainsi que d\u2019autres activit\u00e9s en parall\u00e8le.<\/p>\n<\/div>\n<p>Auteur: APA News<br \/>\n<a href=\"https:\/\/www.journalducameroun.com\/festival-du-court-metrage-mediterraneen-de-tanger-un-critique-de-cinema-appelle-a-revoir-les-criteres-de-selection-des-films\/\">Cliquez ici pour lire l&rsquo;article depuis sa source.<\/a><\/p>\n","protected":false},"excerpt":{"rendered":"<p>Publi\u00e9 le 05.10.2019 \u00e0 20h18 par APA News Le critique de cin\u00e9ma, Yasmine Bouchfar a appel\u00e9 \u00e0 la r\u00e9vision des crit\u00e8res de selection des films en comp\u00e9tition pour les prix du Festival du court-m\u00e9trage m\u00e9diterran\u00e9en de Tanger, eu \u00e9gard \u00e0 la qualit\u00e9 du produit cin\u00e9matographique qui reste en de\u00e7\u00e0 des aspirations du public cin\u00e9phile.Par Hicham [&hellip;]<\/p>\n","protected":false},"author":1965,"featured_media":0,"comment_status":"closed","ping_status":"closed","sticky":false,"template":"","format":"standard","meta":{"fifu_image_url":"","fifu_image_alt":"","footnotes":""},"categories":[73,82],"tags":[],"class_list":["post-63444","post","type-post","status-publish","format-standard","hentry","category-actualite","category-cameroun"],"_links":{"self":[{"href":"https:\/\/linitiative.ca\/International\/wp-json\/wp\/v2\/posts\/63444","targetHints":{"allow":["GET"]}}],"collection":[{"href":"https:\/\/linitiative.ca\/International\/wp-json\/wp\/v2\/posts"}],"about":[{"href":"https:\/\/linitiative.ca\/International\/wp-json\/wp\/v2\/types\/post"}],"author":[{"embeddable":true,"href":"https:\/\/linitiative.ca\/International\/wp-json\/wp\/v2\/users\/1965"}],"replies":[{"embeddable":true,"href":"https:\/\/linitiative.ca\/International\/wp-json\/wp\/v2\/comments?post=63444"}],"version-history":[{"count":0,"href":"https:\/\/linitiative.ca\/International\/wp-json\/wp\/v2\/posts\/63444\/revisions"}],"wp:attachment":[{"href":"https:\/\/linitiative.ca\/International\/wp-json\/wp\/v2\/media?parent=63444"}],"wp:term":[{"taxonomy":"category","embeddable":true,"href":"https:\/\/linitiative.ca\/International\/wp-json\/wp\/v2\/categories?post=63444"},{"taxonomy":"post_tag","embeddable":true,"href":"https:\/\/linitiative.ca\/International\/wp-json\/wp\/v2\/tags?post=63444"}],"curies":[{"name":"wp","href":"https:\/\/api.w.org\/{rel}","templated":true}]}}