{"id":63445,"date":"2019-10-05T15:50:03","date_gmt":"2019-10-05T19:50:03","guid":{"rendered":"https:\/\/linitiative.ca\/International\/le-tueur-de-la-prefecture-de-paris-un-converti-radicalise-au-coeur-du-renseignement\/"},"modified":"2019-10-05T15:50:03","modified_gmt":"2019-10-05T19:50:03","slug":"le-tueur-de-la-prefecture-de-paris-un-converti-radicalise-au-coeur-du-renseignement","status":"publish","type":"post","link":"https:\/\/linitiative.ca\/International\/le-tueur-de-la-prefecture-de-paris-un-converti-radicalise-au-coeur-du-renseignement\/","title":{"rendered":"Le tueur de la pr\u00e9fecture de Paris, un converti radicalis\u00e9 au c\u0153ur du renseignement"},"content":{"rendered":"<div readability=\"32\">\n<p>Publi\u00e9 le 05.10.2019 \u00e0 20h50 par AFP<\/p>\n<\/div>\n<div readability=\"136\">\n<p>Converti depuis une dizaine d\u2019ann\u00e9es, Micka\u00ebl Harpon, le tueur de la pr\u00e9fecture de police de Paris, avait adh\u00e9r\u00e9 \u00e0 une \u00ab\u00a0vision radicale de l\u2019islam\u00a0\u00bb alors m\u00eame qu\u2019il travaillait au sein de la direction du renseignement parisien, un service ultrasensible.<\/p>\n<p>Comment a-t-il pu passer sous les radars de son service de renseignement? Depuis jeudi, la question hante les couloirs de la pr\u00e9fecture de police et du minist\u00e8re de l\u2019Int\u00e9rieur.<\/p>\n<p>Trop rapidement pr\u00e9sent\u00e9 comme un adjoint administratif qui n\u2019avait \u00ab\u00a0jamais pr\u00e9sent\u00e9 de difficult\u00e9 comportementale\u00a0\u00bb, ni \u00ab\u00a0le moindre signe d\u2019alerte\u00a0\u00bb par le ministre de l\u2019Int\u00e9rieur Christophe Castaner, sur la foi de premi\u00e8res informations, Micka\u00ebl Harpon \u00e9tait \u00e0 l\u2019\u00e9vidence loin d\u2019avoir une personnalit\u00e9 aussi lisse.<\/p>\n<p>Les enqu\u00eateurs de la brigade criminelle ont ainsi d\u2019ores et d\u00e9j\u00e0 dessin\u00e9 le portrait d\u2019un homme de 45 ans ayant \u00ab\u00a0adh\u00e9r\u00e9 \u00e0 une vision radicale de l\u2019islam\u00a0\u00bb.<\/p>\n<p>N\u00e9 \u00e0 Fort de France, sur l\u2019\u00eele fran\u00e7aise de Martinique, dans les Antilles, l\u2019auteur de la tuerie s\u2019\u00e9tait converti \u00e0 l\u2019islam il y a une dizaine d\u2019ann\u00e9es, et les t\u00e9moignages recueillis par les enqu\u00eateurs d\u00e9montrent qu\u2019il avait \u00e9pous\u00e9 son versant radical.<\/p>\n<p>Harpon semble ainsi avoir approuv\u00e9 \u00ab\u00a0certaines exactions commises au nom de cette religion\u00a0\u00bb, il a \u00e9galement manifest\u00e9 \u00ab\u00a0son souhait de ne plus avoir certains contacts avec des femmes\u00a0\u00bb ou a encore justifi\u00e9 \u00ab\u00a0aupr\u00e8s d\u2019un coll\u00e8gue de travail les attentats commis dans les locaux du journal Charlie hebdo en 2015\u00a0\u00bb.<\/p>\n<p>A Gonesse, dans la banlieue de Paris, il avait fini par remiser ses tenues occidentales pour se rendre \u00e0 la mosqu\u00e9e en tenue traditionnelle, a d\u00e9taill\u00e9 le procureur antiterroriste Jean-Fran\u00e7ois Ricard lors d\u2019une conf\u00e9rence de presse.<\/p>\n<p>Le magistrat a \u00e9galement fait \u00e9tat de fr\u00e9quentations susceptibles d\u2019appartenir \u00e0 la mouvance salafiste.<\/p>\n<p>Souffrant de surdit\u00e9 et p\u00e8re de deux jeunes enfants, Micka\u00ebl Harpon \u00e9tait mari\u00e9 \u00e0 une femme d\u2019origine marocaine, elle aussi malentendante. Plac\u00e9e en garde \u00e0 vue depuis jeudi, elle est au c\u0153ur des investigations. Le matin de la tuerie, il a \u00e9chang\u00e9 avec elle 33 SMS contenant \u00ab\u00a0des propos \u00e0 connotation exclusivement religieuse\u00a0\u00bb dont certains particuli\u00e8rement troublants au regard des faits \u00e0 venir.<\/p>\n<p>La famille vivait \u00e0 Gonesse dans un immeuble de cinq \u00e9tages, entour\u00e9 d\u2019arbres et de pelouses, au c\u0153ur d\u2019une r\u00e9sidence calme, o\u00f9 vivent de nombreux fonctionnaires dont des policiers.<\/p>\n<p>\u2013 Casier judiciaire vierge \u2013<\/p>\n<p>C\u2019\u00e9tait \u00ab\u00a0quelqu\u2019un de tr\u00e8s calme. Je le voyais aller \u00e0 la mosqu\u00e9e mais il avait une pratique normale\u00a0\u00bb, a racont\u00e9 jeudi une voisine, \u00ab\u00a0d\u00e9boussol\u00e9e\u00a0\u00bb.<\/p>\n<p>Il avait un casier judiciaire vierge, mais avait fait l\u2019objet d\u2019une proc\u00e9dure pour violences conjugales en 2009, ce qui lui avait valu un bl\u00e2me de l\u2019administration trois ans plus tard.<\/p>\n<p>La mosqu\u00e9e qu\u2019il fr\u00e9quentait n\u2019\u00e9tait \u00ab\u00a0pas consid\u00e9r\u00e9e comme salafiste\u00a0\u00bb, mais un imam est pass\u00e9 \u00ab\u00a0bri\u00e8vement\u00a0\u00bb dans cette communaut\u00e9 \u00ab\u00a0avant d\u2019\u00eatre rejet\u00e9\u00a0\u00bb, selon une source proche du dossier.<\/p>\n<p>Sur son compte Facebook \u00ab\u00a0Miko Noparh\u00a0\u00bb cr\u00e9\u00e9 en 2009, sur le peu de publications partag\u00e9es, beaucoup concernent l\u2019islam et la d\u00e9fense de la cause palestinienne, syrienne ou celle de la communaut\u00e9 musulmane des Rohingyas en Birmanie.<\/p>\n<p>Sur l\u2019une des vid\u00e9os partag\u00e9es, le 6 juillet 2017, on voit un homme dire en anglais \u00ab\u00a0maintenant, la chose la plus importante est de mourir en tant que musulman\u00a0\u00bb.<\/p>\n<p>Jeudi matin, il a pris son train \u00e0 la gare de Gonesse vers 8H20 pour arriver \u00e0 la pr\u00e9fecture de police et prendre peu avant neuf heures son poste d\u2019informaticien au service de maintenance technique de la DRPP. Un poste pour lequel il avait une habilitation \u00ab\u00a0secret d\u00e9fense\u00a0\u00bb.<\/p>\n<p>Avant d\u2019assassiner quatre fonctionnaires de la pr\u00e9fecture de police dont des coll\u00e8gues, Micka\u00ebl Harpon a travers\u00e9 la Seine pour aller acheter deux couteaux qui serviront d\u2019armes du crime. Lors de cet aller et retour qui pr\u00e9c\u00e8de de quelques minutes la tuerie, son comportement \u00ab\u00a0ne trahit aucune f\u00e9brilit\u00e9\u00a0\u00bb, selon le procureur.<\/p>\n<\/div>\n<p>Auteur: AFP<br \/>\n<a href=\"https:\/\/www.journalducameroun.com\/le-tueur-de-la-prefecture-de-paris-un-converti-radicalise-au-coeur-du-renseignement\/\">Cliquez ici pour lire l&rsquo;article depuis sa source.<\/a><\/p>\n","protected":false},"excerpt":{"rendered":"<p>Publi\u00e9 le 05.10.2019 \u00e0 20h50 par AFP Converti depuis une dizaine d\u2019ann\u00e9es, Micka\u00ebl Harpon, le tueur de la pr\u00e9fecture de police de Paris, avait adh\u00e9r\u00e9 \u00e0 une \u00ab\u00a0vision radicale de l\u2019islam\u00a0\u00bb alors m\u00eame qu\u2019il travaillait au sein de la direction du renseignement parisien, un service ultrasensible. Comment a-t-il pu passer sous les radars de son [&hellip;]<\/p>\n","protected":false},"author":1965,"featured_media":0,"comment_status":"closed","ping_status":"closed","sticky":false,"template":"","format":"standard","meta":{"fifu_image_url":"","fifu_image_alt":"","footnotes":""},"categories":[73,82],"tags":[],"class_list":["post-63445","post","type-post","status-publish","format-standard","hentry","category-actualite","category-cameroun"],"_links":{"self":[{"href":"https:\/\/linitiative.ca\/International\/wp-json\/wp\/v2\/posts\/63445","targetHints":{"allow":["GET"]}}],"collection":[{"href":"https:\/\/linitiative.ca\/International\/wp-json\/wp\/v2\/posts"}],"about":[{"href":"https:\/\/linitiative.ca\/International\/wp-json\/wp\/v2\/types\/post"}],"author":[{"embeddable":true,"href":"https:\/\/linitiative.ca\/International\/wp-json\/wp\/v2\/users\/1965"}],"replies":[{"embeddable":true,"href":"https:\/\/linitiative.ca\/International\/wp-json\/wp\/v2\/comments?post=63445"}],"version-history":[{"count":0,"href":"https:\/\/linitiative.ca\/International\/wp-json\/wp\/v2\/posts\/63445\/revisions"}],"wp:attachment":[{"href":"https:\/\/linitiative.ca\/International\/wp-json\/wp\/v2\/media?parent=63445"}],"wp:term":[{"taxonomy":"category","embeddable":true,"href":"https:\/\/linitiative.ca\/International\/wp-json\/wp\/v2\/categories?post=63445"},{"taxonomy":"post_tag","embeddable":true,"href":"https:\/\/linitiative.ca\/International\/wp-json\/wp\/v2\/tags?post=63445"}],"curies":[{"name":"wp","href":"https:\/\/api.w.org\/{rel}","templated":true}]}}