{"id":63446,"date":"2019-10-05T16:18:04","date_gmt":"2019-10-05T20:18:04","guid":{"rendered":"https:\/\/linitiative.ca\/International\/paul-biya-decide-de-larret-des-poursuites-judiciaires-contre-des-opposants\/"},"modified":"2019-10-05T16:18:04","modified_gmt":"2019-10-05T20:18:04","slug":"paul-biya-decide-de-larret-des-poursuites-judiciaires-contre-des-opposants","status":"publish","type":"post","link":"https:\/\/linitiative.ca\/International\/paul-biya-decide-de-larret-des-poursuites-judiciaires-contre-des-opposants\/","title":{"rendered":"Paul Biya d\u00e9cide de l\u2019arr\u00eat des poursuites judiciaires contre des opposants"},"content":{"rendered":"<div readability=\"32\">\n<p>Publi\u00e9 le 05.10.2019 \u00e0 21h18 par APA News<\/p>\n<\/div>\n<div readability=\"66\">\n<p>Le chef de l\u2019\u00c9tat camerounais, Paul Biya, a annonc\u00e9 par voie de communiqu\u00e9 \u00abde l\u2019arr\u00eat des poursuites judiciaires contre certains responsables et militants de partis politiques\u00bb, notamment du Mouvement pour la renaissance du Cameroun (MRC), arr\u00eat\u00e9s et d\u00e9tenus pour des faits commis dans le cadre de la contestation des r\u00e9sultats de l\u2019 \u00e9lection pr\u00e9sidentielle d\u2019octobre 2018.Interpell\u00e9es dans 6 villes du pays les 28 janvier, les 1er et 8 juin 2019, dans le cadre des \u00abmarches blanches\u00bb contre le \u00abhold-up \u00e9lectoral\u00bb de M. Biya, plus de 150 dirigeants, alli\u00e9s, militants et sympathisants de ladite formation sont devant le tribunal militaire pour r\u00e9bellion, hostilit\u00e9 \u00e0 la patrie, insurrection, notamment.<\/p>\n<p>Avec \u00e0 leur t\u00eate leur leader Maurice Kamto, qui continue de proclamer sa victoire audit scrutin, ils devraient, ce samedi en mi-journ\u00e9e, passer en audience pour voir lever les charges qui pesaient contre eux, la grande inconnue restant toutefois de savoir si tous les individus interpell\u00e9s dans ce dossier sont concern\u00e9s par l\u2019acte de cl\u00e9mence pr\u00e9sidentiel.<\/p>\n<p>Il convient de noter qu\u2019avant le MRC, Paul Biya a, jeudi soir, pris le m\u00eame type d\u2019acte en faveur de 333 activistes anglophones, sur un total de quelque 1800, attendant leur jugement pour des faits d\u2019activisme s\u00e9cessionniste.<\/p>\n<\/div>\n<p>Auteur: APA News<br \/>\n<a href=\"https:\/\/www.journalducameroun.com\/paul-biya-decide-de-larret-des-poursuites-judiciaires-contre-des-opposants\/\">Cliquez ici pour lire l&rsquo;article depuis sa source.<\/a><\/p>\n","protected":false},"excerpt":{"rendered":"<p>Publi\u00e9 le 05.10.2019 \u00e0 21h18 par APA News Le chef de l\u2019\u00c9tat camerounais, Paul Biya, a annonc\u00e9 par voie de communiqu\u00e9 \u00abde l\u2019arr\u00eat des poursuites judiciaires contre certains responsables et militants de partis politiques\u00bb, notamment du Mouvement pour la renaissance du Cameroun (MRC), arr\u00eat\u00e9s et d\u00e9tenus pour des faits commis dans le cadre de la [&hellip;]<\/p>\n","protected":false},"author":1965,"featured_media":0,"comment_status":"closed","ping_status":"closed","sticky":false,"template":"","format":"standard","meta":{"fifu_image_url":"","fifu_image_alt":"","footnotes":""},"categories":[73,82],"tags":[],"class_list":["post-63446","post","type-post","status-publish","format-standard","hentry","category-actualite","category-cameroun"],"_links":{"self":[{"href":"https:\/\/linitiative.ca\/International\/wp-json\/wp\/v2\/posts\/63446","targetHints":{"allow":["GET"]}}],"collection":[{"href":"https:\/\/linitiative.ca\/International\/wp-json\/wp\/v2\/posts"}],"about":[{"href":"https:\/\/linitiative.ca\/International\/wp-json\/wp\/v2\/types\/post"}],"author":[{"embeddable":true,"href":"https:\/\/linitiative.ca\/International\/wp-json\/wp\/v2\/users\/1965"}],"replies":[{"embeddable":true,"href":"https:\/\/linitiative.ca\/International\/wp-json\/wp\/v2\/comments?post=63446"}],"version-history":[{"count":0,"href":"https:\/\/linitiative.ca\/International\/wp-json\/wp\/v2\/posts\/63446\/revisions"}],"wp:attachment":[{"href":"https:\/\/linitiative.ca\/International\/wp-json\/wp\/v2\/media?parent=63446"}],"wp:term":[{"taxonomy":"category","embeddable":true,"href":"https:\/\/linitiative.ca\/International\/wp-json\/wp\/v2\/categories?post=63446"},{"taxonomy":"post_tag","embeddable":true,"href":"https:\/\/linitiative.ca\/International\/wp-json\/wp\/v2\/tags?post=63446"}],"curies":[{"name":"wp","href":"https:\/\/api.w.org\/{rel}","templated":true}]}}