{"id":63448,"date":"2019-10-05T16:50:05","date_gmt":"2019-10-05T20:50:05","guid":{"rendered":"https:\/\/linitiative.ca\/International\/a-yaounde-les-partisans-de-lopposant-kamto-celebrent-la-liberation-de-leur-sauveur\/"},"modified":"2019-10-05T16:50:05","modified_gmt":"2019-10-05T20:50:05","slug":"a-yaounde-les-partisans-de-lopposant-kamto-celebrent-la-liberation-de-leur-sauveur","status":"publish","type":"post","link":"https:\/\/linitiative.ca\/International\/a-yaounde-les-partisans-de-lopposant-kamto-celebrent-la-liberation-de-leur-sauveur\/","title":{"rendered":"A Yaound\u00e9, les partisans de l\u2019opposant Kamto c\u00e9l\u00e8brent la lib\u00e9ration de \u00ab\u00a0leur sauveur\u00a0\u00bb"},"content":{"rendered":"<div readability=\"32\">\n<p>Publi\u00e9 le 05.10.2019 \u00e0 21h50 par AFP<\/p>\n<\/div>\n<div readability=\"127\">\n<p>\u00ab\u00a0Maurice Kamto, sauve-nous\u00a0\u00bb, scandent en c\u0153ur des dizaines de jeunes au moment o\u00f9 le principal opposant camerounais, lib\u00e9r\u00e9 quelques heures plus t\u00f4t, apr\u00e8s neuf mois pass\u00e9s en prison, arrive \u00e0 son domicile de Santa Barbara, un quartier r\u00e9sidentiel de Yaound\u00e9.<\/p>\n<p>Le candidat malheureux \u00e0 la pr\u00e9sidentielle de 2018 face \u00e0 Paul Biya, a \u00e0 peine le temps d\u2019embrasser ses proches, qu\u2019une trentaine de jeunes perch\u00e9s sur le toit de la gu\u00e9rite de sa r\u00e9sidence se met \u00e0 chanter: \u00ab\u00a0Papa Paul Biya, quitte le pouvoir. Nous sommes fatigu\u00e9s du m\u00eame syst\u00e8me\u00a0\u00bb.<\/p>\n<p>La plupart ont moins de trente ans, et comme 75% des camerounais, ils n\u2019ont jamais connu d\u2019autre pr\u00e9sident que M. Biya, 86 ans, arriv\u00e9 au pouvoir en 1982. Apr\u00e8s Teodoro Obiang Nguema en Guin\u00e9e \u00e9quatoriale, il est le pr\u00e9sident d\u2019Afrique \u00e0 la plus longue long\u00e9vit\u00e9 au pouvoir.<\/p>\n<p>\u00ab\u00a0Nous sommes fatigu\u00e9s de ce syst\u00e8me qui est en place depuis 37 ans\u00a0\u00bb, l\u00e2che Abraham, un des jeunes, suant d\u2019avoir trop chant\u00e9 et dans\u00e9. \u00ab\u00a0Nous voulons l\u2019alternance au pouvoir. Nous voulons un nouveau souffle pour notre pays\u00a0\u00bb, lance-t-il.<\/p>\n<p>\u00ab\u00a0Maurice Kamto est plus qu\u2019un sauveur. C\u2019est le seigneur\u00a0\u00bb, s\u2019enflamme carr\u00e9ment un autre, Douglas, militant du parti de M. Kamto, le Mouvement pour la Renaissance du Cameroun (MRC). Il affirme avoir parcouru des kilom\u00e8tres \u00e0 pieds pour vivre la lib\u00e9ration de son \u00ab\u00a0pr\u00e9sident\u00a0\u00bb \u00e0 lui.<\/p>\n<p>Quelques heures plus t\u00f4t, \u00e0 la prison principale de Yaound\u00e9, un v\u00e9hicule, avec \u00e0 son bord M. Kamto, avait quitt\u00e9 le p\u00e9nitencier sous les ovations et les chants de centaines de militants et sympathisants tenus \u00e0 bonne distance par des policiers et gendarmes.<\/p>\n<p>\u00ab\u00a0Kamto notre pr\u00e9sident, c\u2019est le peuple qui t\u2019a choisi\u2026 Aurevoir Paul Biya, Kamto arrive\u2026\u00a0\u00bb, chantaient d\u2019autres jeunes. Sur le chemin, des dizaines de voitures et de motos escortent Maurice Kamto dans un tintamarre de klaxons et de vuvuzela. \u00ab\u00a0Ca c\u2019est le cort\u00e8ge du Cameroun libre. Allez-y les gars\u00a0\u00bb, enjoint un conducteur de moto avant de se frayer le passage parmi les v\u00e9hicules.<\/p>\n<p>\u2013 Surprise \u2013<\/p>\n<p>Vendredi, M. Biya a d\u00e9cid\u00e9 d\u2019arr\u00eater les poursuites judiciaires engag\u00e9es contre de nombreux responsables politiques, dont ceux du MRC. Plus de 102 opposants ont ainsi \u00e9t\u00e9 remis en libert\u00e9 samedi par la justice camerounaise.<\/p>\n<p>Une surprise \u00e0 laquelle ne s\u2019attendaient pas les supporters de M. Kamto, alors que leur leader, poursuivi notamment pour \u00ab\u00a0insurrection\u00a0\u00bb, devait compara\u00eetre devant un tribunal militaire \u00e0 Yaound\u00e9 mardi.<\/p>\n<p>Le c\u00e9l\u00e8bre avocat camerounais avait \u00e9t\u00e9 arr\u00eat\u00e9 fin janvier avec des centaines de ses partisans, \u00e0 la suite de manifestations pacifiques organis\u00e9es pour protester contre la r\u00e9-\u00e9lection du pr\u00e9sident Biya en octobre 2018, qu\u2019il qualifie de \u00ab\u00a0hold-up \u00e9lectoral\u00a0\u00bb. M. Kamto estime l\u2019avoir remport\u00e9 alors que les r\u00e9sultats officiels l\u2019ont class\u00e9 deuxi\u00e8me, loin derri\u00e8re M. Biya.<\/p>\n<p>\u00ab\u00a0Le jour (o\u00f9), par la volont\u00e9 de Dieu et par votre engagement et votre d\u00e9termination, vous me porterez aux affaires, alors j\u2019irai diriger le Cameroun\u00a0\u00bb, a lanc\u00e9 M. Kamto \u00e0 la foule venue l\u2019accueillir pour sa lib\u00e9ration. Il n\u2019a toutefois pas sp\u00e9cifi\u00e9 si son parti comptait poursuivre les manifestations dans les rues du pays.<\/p>\n<p>\u00ab\u00a0Maintenant s\u2019ouvre un nouveau chapitre de notre lutte\u00a0\u00bb, assure-t-il. \u00ab\u00a0Si certains pensent que le fait d\u2019\u00eatre lib\u00e9r\u00e9 (marque) la fin de la lutte, alors il n\u2019ont rien compris\u00a0\u00bb.<\/p>\n<\/div>\n<p>Auteur: AFP<br \/>\n<a href=\"https:\/\/www.journalducameroun.com\/a-yaounde-les-partisans-de-lopposant-kamto-celebrent-la-liberation-de-leur-sauveur\/\">Cliquez ici pour lire l&rsquo;article depuis sa source.<\/a><\/p>\n","protected":false},"excerpt":{"rendered":"<p>Publi\u00e9 le 05.10.2019 \u00e0 21h50 par AFP \u00ab\u00a0Maurice Kamto, sauve-nous\u00a0\u00bb, scandent en c\u0153ur des dizaines de jeunes au moment o\u00f9 le principal opposant camerounais, lib\u00e9r\u00e9 quelques heures plus t\u00f4t, apr\u00e8s neuf mois pass\u00e9s en prison, arrive \u00e0 son domicile de Santa Barbara, un quartier r\u00e9sidentiel de Yaound\u00e9. Le candidat malheureux \u00e0 la pr\u00e9sidentielle de 2018 [&hellip;]<\/p>\n","protected":false},"author":1965,"featured_media":0,"comment_status":"closed","ping_status":"closed","sticky":false,"template":"","format":"standard","meta":{"fifu_image_url":"","fifu_image_alt":"","footnotes":""},"categories":[73,82],"tags":[],"class_list":["post-63448","post","type-post","status-publish","format-standard","hentry","category-actualite","category-cameroun"],"_links":{"self":[{"href":"https:\/\/linitiative.ca\/International\/wp-json\/wp\/v2\/posts\/63448","targetHints":{"allow":["GET"]}}],"collection":[{"href":"https:\/\/linitiative.ca\/International\/wp-json\/wp\/v2\/posts"}],"about":[{"href":"https:\/\/linitiative.ca\/International\/wp-json\/wp\/v2\/types\/post"}],"author":[{"embeddable":true,"href":"https:\/\/linitiative.ca\/International\/wp-json\/wp\/v2\/users\/1965"}],"replies":[{"embeddable":true,"href":"https:\/\/linitiative.ca\/International\/wp-json\/wp\/v2\/comments?post=63448"}],"version-history":[{"count":0,"href":"https:\/\/linitiative.ca\/International\/wp-json\/wp\/v2\/posts\/63448\/revisions"}],"wp:attachment":[{"href":"https:\/\/linitiative.ca\/International\/wp-json\/wp\/v2\/media?parent=63448"}],"wp:term":[{"taxonomy":"category","embeddable":true,"href":"https:\/\/linitiative.ca\/International\/wp-json\/wp\/v2\/categories?post=63448"},{"taxonomy":"post_tag","embeddable":true,"href":"https:\/\/linitiative.ca\/International\/wp-json\/wp\/v2\/tags?post=63448"}],"curies":[{"name":"wp","href":"https:\/\/api.w.org\/{rel}","templated":true}]}}