{"id":63449,"date":"2019-10-05T04:17:29","date_gmt":"2019-10-05T08:17:29","guid":{"rendered":"https:\/\/linitiative.ca\/International\/drame-mort-surprise-de-lheritier-noutchogouin\/"},"modified":"2019-10-05T04:17:29","modified_gmt":"2019-10-05T08:17:29","slug":"drame-mort-surprise-de-lheritier-noutchogouin","status":"publish","type":"post","link":"https:\/\/linitiative.ca\/International\/drame-mort-surprise-de-lheritier-noutchogouin\/","title":{"rendered":"Drame : mort surprise de l\u2019h\u00e9ritier Noutchogouin"},"content":{"rendered":"<div class=\"featured-area featured-area-inner\"><img loading=\"lazy\" decoding=\"async\" width=\"410\" height=\"405\" src=\"https:\/\/i2.wp.com\/ecomatin.net\/wp-content\/uploads\/2019\/10\/ecomatin.net-drame-mort-surprise-de-lheritier-noutchogouin-img-20191002-wa0123.jpg?resize=410%2C405&#038;ssl=1&#038;is-pending-load=1\" class=\"attachment-jannah-image-post size-jannah-image-post wp-post-image jetpack-lazy-image\" alt=\"\" data-attachment-id=\"12442\" data-permalink=\"https:\/\/ecomatin.net\/drame-mort-surprise-de-lheritier-noutchogouin\/img-20191002-wa0123\/\" data-orig-file=\"https:\/\/i2.wp.com\/ecomatin.net\/wp-content\/uploads\/2019\/10\/ecomatin.net-drame-mort-surprise-de-lheritier-noutchogouin-img-20191002-wa0123.jpg?fit=410%2C430&#038;ssl=1\" data-orig-size=\"410,430\" data-comments-opened=\"0\" data-image-meta=\"{\"aperture\":\"0\",\"credit\":\"\",\"camera\":\"\",\"caption\":\"\",\"created_timestamp\":\"0\",\"copyright\":\"\",\"focal_length\":\"0\",\"iso\":\"0\",\"shutter_speed\":\"0\",\"title\":\"\",\"orientation\":\"0\"}\" data-image-title=\"IMG-20191002-WA0123\" data-image-description=\"\" data-medium-file=\"https:\/\/i2.wp.com\/ecomatin.net\/wp-content\/uploads\/2019\/10\/ecomatin.net-drame-mort-surprise-de-lheritier-noutchogouin-img-20191002-wa0123.jpg?fit=286%2C300&#038;ssl=1\" data-large-file=\"https:\/\/i2.wp.com\/ecomatin.net\/wp-content\/uploads\/2019\/10\/ecomatin.net-drame-mort-surprise-de-lheritier-noutchogouin-img-20191002-wa0123.jpg?fit=410%2C430&#038;ssl=1\" srcset=\"data:image\/gif;base64,R0lGODlhAQABAIAAAAAAAP\/\/\/yH5BAEAAAAALAAAAAABAAEAAAIBRAA7\"\/><\/div>\n<div class=\"entry-content entry clearfix\" readability=\"59.1312154696\">\n<p>10 mois apr\u00e8s le d\u00e9c\u00e8s de <strong>Jean<\/strong> <strong>Samuel Noutchogouin<\/strong>, \u00a0l\u2019h\u00e9ritier de son \u00a0immense fortune vient \u00e0 son tour de rendre l\u2019\u00e2me. La triste nouvelle est tomb\u00e9e ce 2 octobre 2019. Ag\u00e9 de 48 ans,\u00a0<strong>Philippe Noutchogouin<\/strong>\u00a0 qui a succ\u00e9d\u00e9 \u00e0 son p\u00e8re a rendu l\u2019\u00e2me, officiellement, de suite d\u2019une courte maladie.<\/p>\n<hr\/>\n<p><strong>>> Lire aussi \u2013<\/strong><a href=\"https:\/\/ecomatin.net\/le-riche-empire-que-laisse-le-milliardaire-jean-samuel-noutchogouin\/\">Le riche empire que laisse le milliardaire Jean Samuel Noutchogouin<\/a><\/p>\n<hr\/>\n<p>Philippe Noutchogouin \u00e9tait Pr\u00e9sident du conseil d\u2019administration de nombreuses entreprises laiss\u00e9es par son p\u00e8re, 5\u00e8me fortune du Cameroun, d\u2019apr\u00e8s le Magazine <strong>Forbes<\/strong>. L\u2019empire patrimonial l\u00e9gu\u00e9 par Jean Samuel Noutchogouin, jusqu\u2019ici g\u00e9r\u00e9 par son fils \u00e9tait entre autres compos\u00e9, des entreprises <strong>Agrocam<\/strong>, <strong>Belgocam<\/strong>, la <strong>Soci\u00e9t\u00e9 des Provenderies du Cameroun<\/strong> (Spc), <strong>Semavet<\/strong>, <strong>Icrafon<\/strong>, <strong>Banque Atlantique<\/strong>, ou <strong>Cfao<\/strong>. Les actifs du d\u00e9funt homme d\u2019affaires sont estim\u00e9s \u00e0 <strong>315 millions de dollars<\/strong>. Soit <strong>177.975.000.000 de FCFA<\/strong>.<\/p>\n<p>La mort de Philippe Noutchogouin suscite toutefois des interrogations. Bien que la raison officielle de son d\u00e9c\u00e8s penche vers la th\u00e8se \u00ab<em>d\u2019une courte maladie<\/em>\u00bb, beaucoup pr\u00e9f\u00e8rent avancer avec prudence. D\u2019autres brandissent d\u2019ailleurs le recours \u00e0 une autopsie pour clarifier les circonstances du d\u00e9c\u00e8s de l\u2019h\u00e9ritier Noutchogouin.<\/p>\n<div class=\"about-author about-author-box container-wrapper\">\n<div class=\"author-avatar\">\n<p><img decoding=\"async\" src=\"http:\/\/\" alt=\"\"\/><\/p>\n<\/div>\n<p><h4>La R\u00e9daction EcoMatin<\/h4>\n<\/p>\n<\/div>\n<div class=\"awac-wrapper awac widget blog_subscription-2\">\n<h4 class=\"widget-title\">Abonnez-vous \u00e0 notre lettre d&rsquo;information<\/h4>\n<\/div>\n<\/div>\n<div class=\"toggle-post-content clearfix\"><a id=\"toggle-post-button\" class=\"button\" href=\"#\">Afficher plus <\/a><\/div>\n<p>Auteur: EcoMatin<br \/>\n<a href=\"https:\/\/ecomatin.net\/drame-mort-surprise-de-lheritier-noutchogouin\/\">Cliquez ici pour lire l&rsquo;article depuis sa source.<\/a><\/p>\n","protected":false},"excerpt":{"rendered":"<p>10 mois apr\u00e8s le d\u00e9c\u00e8s de Jean Samuel Noutchogouin, \u00a0l\u2019h\u00e9ritier de son \u00a0immense fortune vient \u00e0 son tour de rendre l\u2019\u00e2me. La triste nouvelle est tomb\u00e9e ce 2 octobre 2019. Ag\u00e9 de 48 ans,\u00a0Philippe Noutchogouin\u00a0 qui a succ\u00e9d\u00e9 \u00e0 son p\u00e8re a rendu l\u2019\u00e2me, officiellement, de suite d\u2019une courte maladie. >> Lire aussi \u2013Le riche [&hellip;]<\/p>\n","protected":false},"author":1969,"featured_media":0,"comment_status":"closed","ping_status":"closed","sticky":false,"template":"","format":"standard","meta":{"fifu_image_url":"","fifu_image_alt":"","footnotes":""},"categories":[82,78],"tags":[],"class_list":["post-63449","post","type-post","status-publish","format-standard","hentry","category-cameroun","category-economie"],"_links":{"self":[{"href":"https:\/\/linitiative.ca\/International\/wp-json\/wp\/v2\/posts\/63449","targetHints":{"allow":["GET"]}}],"collection":[{"href":"https:\/\/linitiative.ca\/International\/wp-json\/wp\/v2\/posts"}],"about":[{"href":"https:\/\/linitiative.ca\/International\/wp-json\/wp\/v2\/types\/post"}],"author":[{"embeddable":true,"href":"https:\/\/linitiative.ca\/International\/wp-json\/wp\/v2\/users\/1969"}],"replies":[{"embeddable":true,"href":"https:\/\/linitiative.ca\/International\/wp-json\/wp\/v2\/comments?post=63449"}],"version-history":[{"count":0,"href":"https:\/\/linitiative.ca\/International\/wp-json\/wp\/v2\/posts\/63449\/revisions"}],"wp:attachment":[{"href":"https:\/\/linitiative.ca\/International\/wp-json\/wp\/v2\/media?parent=63449"}],"wp:term":[{"taxonomy":"category","embeddable":true,"href":"https:\/\/linitiative.ca\/International\/wp-json\/wp\/v2\/categories?post=63449"},{"taxonomy":"post_tag","embeddable":true,"href":"https:\/\/linitiative.ca\/International\/wp-json\/wp\/v2\/tags?post=63449"}],"curies":[{"name":"wp","href":"https:\/\/api.w.org\/{rel}","templated":true}]}}