{"id":63452,"date":"2019-10-05T06:16:38","date_gmt":"2019-10-05T10:16:38","guid":{"rendered":"https:\/\/linitiative.ca\/International\/materiaux-locaux-la-mipromalo-lance-une-ecole-de-formation\/"},"modified":"2019-10-05T06:16:38","modified_gmt":"2019-10-05T10:16:38","slug":"materiaux-locaux-la-mipromalo-lance-une-ecole-de-formation","status":"publish","type":"post","link":"https:\/\/linitiative.ca\/International\/materiaux-locaux-la-mipromalo-lance-une-ecole-de-formation\/","title":{"rendered":"Mat\u00e9riaux locaux :  la Mipromalo lance une \u00e9cole de formation"},"content":{"rendered":"<p>La <strong>Mission de promotion des mat\u00e9riaux locaux<\/strong> (<strong>Mipromalo<\/strong>) annonce la cr\u00e9ation de son <strong>Centre sp\u00e9cialis\u00e9 de formation professionnelle<\/strong> (<strong>CSFP<\/strong>). Cette \u00e9cole a pour ambition de former des\u00a0\u00a0professionnels en techniques et technologies des mat\u00e9riaux locaux et innovants. Le programme se d\u00e9roule sur 12 mois (2019-2020) et se compose en plusieurs fili\u00e8res\u00a0: production des mat\u00e9riaux\u00a0; b\u00e2timent, route et ouvrage d\u2019arts<strong>\u00a0;\u00a0<\/strong>\u00a0fabrication m\u00e9canique\u00a0<strong>; c<\/strong>onstruction \u00e9cologique, entre autres<strong>.<\/strong><\/p>\n<p>La Mipromalo r\u00e9v\u00e8le qu\u2019il existe aussi des formations courtes dur\u00e9es. L\u2019integration est possible autant pour les candidats non dipl\u00f4m\u00e9s que pour les titulaires de CEP\/ FSLC; BEPC, CAP\/ Gce-ol; BAC, BTS\/ HND; licence\/ bachelor\u2019s degree; masters \/ dipl\u00f4me d\u2019ing\u00e9nieur \/ engineer\u2019s degree ou dipl\u00f4mes \u00e9quivalents.<\/p>\n<p>L\u2019objectif \u00e0 terme de la\u00a0<strong>Mipromalo<\/strong>\u00a0est de contribuer au d\u00e9veloppement des industries locales et vulgariser les<strong>\u00a0<\/strong>technologies d\u2019exploitation des mat\u00e9riaux locaux. Il est surtout question d\u2019encourager l\u2019utilisation des intrants produits localement, au d\u00e9triment de ceux import\u00e9s (ciment, carreaux de rev\u00eatement de sols et murs, appareils sanitaires, peinture). Ces intrants produits localement devraient contribuer\u00a0\u00a0\u00e0 l\u2019abaissement du co\u00fbt de la construction<strong>\u00a0<\/strong><\/p>\n<p>D\u2019autre part, en cr\u00e9ant le\u00a0\u00a0CSFP, la mission de promotion des mat\u00e9riaux locaux veut int\u00e9resser les jeunes camerounais et le public en g\u00e9n\u00e9ral \u00e0 la consommation des mat\u00e9riaux locaux dans la r\u00e9alisation de leurs projets, dans l\u2019immobilier notamment.\u00a0A titre d\u2019exemple, en d\u00e9pit d\u2019une prescription du gouvernement camerounais m\u00eame les projets immobiliers initi\u00e9s par l\u2019Etat ne privil\u00e9gient pas l\u2019utilisation des mat\u00e9riaux locaux. Pourtant, apprend-on, l\u2019utilisation des briques de terre stabilis\u00e9es dans le BTP est susceptible de r\u00e9duire le co\u00fbt final des travaux de\u00a0<strong>30%,<\/strong>\u00a0en plus\u00a0\u00a0de l\u2019avantage de beaut\u00e9 qu\u2019offre la brique, ainsi que ses vertus en mati\u00e8re de protection de l\u2019environnement.<\/p>\n<p>\u00c9tablissement public cr\u00e9e en 1990, r\u00e9organis\u00e9 le 17 octobre 2018 par d\u00e9cret pr\u00e9sidentiel n\u00b02018\/594 et plac\u00e9 sous le minist\u00e8re en charge de la recherche scientifique, la Mipromalo a pour but de valoriser l\u2019emploi des mat\u00e9riaux locaux et des mat\u00e9riaux innovants en vue de r\u00e9duire les co\u00fbts de r\u00e9alisation des \u00e9quipements nationaux.<\/p>\n<div class=\"about-author about-author-box container-wrapper\">\n<div class=\"author-avatar\">\n<p><img decoding=\"async\" src=\"http:\/\/\" alt=\"\"\/><\/p>\n<\/div>\n<p><h4>La R\u00e9daction EcoMatin<\/h4>\n<\/p>\n<\/div>\n<div class=\"awac-wrapper awac widget blog_subscription-2\">\n<h4 class=\"widget-title\">Abonnez-vous \u00e0 notre lettre d&rsquo;information<\/h4>\n<\/div>\n<p>Auteur: EcoMatin<br \/>\n<a href=\"https:\/\/ecomatin.net\/materiaux-locaux-la-mipromalo-lance-une-ecole-de-formation\/\">Cliquez ici pour lire l&rsquo;article depuis sa source.<\/a><\/p>\n","protected":false},"excerpt":{"rendered":"<p>La Mission de promotion des mat\u00e9riaux locaux (Mipromalo) annonce la cr\u00e9ation de son Centre sp\u00e9cialis\u00e9 de formation professionnelle (CSFP). Cette \u00e9cole a pour ambition de former des\u00a0\u00a0professionnels en techniques et technologies des mat\u00e9riaux locaux et innovants. Le programme se d\u00e9roule sur 12 mois (2019-2020) et se compose en plusieurs fili\u00e8res\u00a0: production des mat\u00e9riaux\u00a0; b\u00e2timent, route [&hellip;]<\/p>\n","protected":false},"author":1969,"featured_media":0,"comment_status":"closed","ping_status":"closed","sticky":false,"template":"","format":"standard","meta":{"fifu_image_url":"","fifu_image_alt":"","footnotes":""},"categories":[82,78],"tags":[],"class_list":["post-63452","post","type-post","status-publish","format-standard","hentry","category-cameroun","category-economie"],"_links":{"self":[{"href":"https:\/\/linitiative.ca\/International\/wp-json\/wp\/v2\/posts\/63452","targetHints":{"allow":["GET"]}}],"collection":[{"href":"https:\/\/linitiative.ca\/International\/wp-json\/wp\/v2\/posts"}],"about":[{"href":"https:\/\/linitiative.ca\/International\/wp-json\/wp\/v2\/types\/post"}],"author":[{"embeddable":true,"href":"https:\/\/linitiative.ca\/International\/wp-json\/wp\/v2\/users\/1969"}],"replies":[{"embeddable":true,"href":"https:\/\/linitiative.ca\/International\/wp-json\/wp\/v2\/comments?post=63452"}],"version-history":[{"count":0,"href":"https:\/\/linitiative.ca\/International\/wp-json\/wp\/v2\/posts\/63452\/revisions"}],"wp:attachment":[{"href":"https:\/\/linitiative.ca\/International\/wp-json\/wp\/v2\/media?parent=63452"}],"wp:term":[{"taxonomy":"category","embeddable":true,"href":"https:\/\/linitiative.ca\/International\/wp-json\/wp\/v2\/categories?post=63452"},{"taxonomy":"post_tag","embeddable":true,"href":"https:\/\/linitiative.ca\/International\/wp-json\/wp\/v2\/tags?post=63452"}],"curies":[{"name":"wp","href":"https:\/\/api.w.org\/{rel}","templated":true}]}}