{"id":63453,"date":"2019-10-06T04:01:54","date_gmt":"2019-10-06T08:01:54","guid":{"rendered":"https:\/\/linitiative.ca\/International\/sidi-ifni-pris-en-flagrant-delit-dattentat-a-la-pudeur\/"},"modified":"2019-10-06T04:01:54","modified_gmt":"2019-10-06T08:01:54","slug":"sidi-ifni-pris-en-flagrant-delit-dattentat-a-la-pudeur","status":"publish","type":"post","link":"https:\/\/linitiative.ca\/International\/sidi-ifni-pris-en-flagrant-delit-dattentat-a-la-pudeur\/","title":{"rendered":"Sidi Ifni : Pris en flagrant d\u00e9lit d\u2019attentat \u00e0 la pudeur"},"content":{"rendered":"<header>\n<\/header>\n<div class=\"entry-content clearfix\" readability=\"49\"><img decoding=\"async\" class=\"post_layout_5_img\" src=\"http:\/\/aujourdhui.ma\/wp-content\/uploads\/2016\/02\/pedophilie-viole-mineurs.jpg?x29840\" alt=\"Sidi Ifni : Pris en flagrant d\u00e9lit d\u2019attentat \u00e0 la pudeur\"\/><\/p>\n<p class=\"p1\"><span class=\"c4\"><strong>Un jeune homme de vingt-deux ans, impliqu\u00e9 dans une affaire d\u2019attentat \u00e0 la pudeur sur une jeune fille, \u00e0 Sidi Ifni, a \u00e9t\u00e9 mis hors d\u2019\u00e9tat de nuire par un \u00e9l\u00e9ment de la police de la circulation exer\u00e7ant au district provincial de la s\u00fbret\u00e9 de Sidi Ifni.<\/strong><\/span><span id=\"more-319240\"\/><\/p>\n<p class=\"p1\">Au niveau du quartier Al Gata\u00e2, \u00e0 Sidi Ifni, le mis en cause s\u2019est interpos\u00e9 devant la jeune fille avant de commencer \u00e0 la harceler. Il a m\u00eame tenter d\u2019abuser d\u2019elle avant qu\u2019il soit remarqu\u00e9 par un policier de la circulation. Ce dernier a essay\u00e9 de l\u2019attraper.<\/p>\n<p class=\"p1\">Mais, le jeune a pris la fuite. Sans baisser les bars, le policier a couru derri\u00e8re lui pour l\u2019arr\u00eater enfin avant d\u2019\u00eatre soumis aux interrogatoires par les \u00e9l\u00e9ments de la police judiciaire. Il a \u00e9t\u00e9 traduit devant le parquet g\u00e9n\u00e9ral pr\u00e8s la Cour d\u2019appel.<\/p>\n<\/div>\n<p>Auteur: Abderrafii ALOUMLIKI<br \/>\n<a href=\"http:\/\/aujourdhui.ma\/faits-divers\/sidi-ifni-pris-en-flagrant-delit-dattentat-a-la-pudeur\">Cliquez ici pour lire l&rsquo;article depuis sa source.<\/a><\/p>\n","protected":false},"excerpt":{"rendered":"<p>Un jeune homme de vingt-deux ans, impliqu\u00e9 dans une affaire d\u2019attentat \u00e0 la pudeur sur une jeune fille, \u00e0 Sidi Ifni, a \u00e9t\u00e9 mis hors d\u2019\u00e9tat de nuire par un \u00e9l\u00e9ment de la police de la circulation exer\u00e7ant au district provincial de la s\u00fbret\u00e9 de Sidi Ifni. Au niveau du quartier Al Gata\u00e2, \u00e0 Sidi [&hellip;]<\/p>\n","protected":false},"author":1759,"featured_media":0,"comment_status":"closed","ping_status":"closed","sticky":false,"template":"","format":"standard","meta":{"fifu_image_url":"","fifu_image_alt":"","footnotes":""},"categories":[73,54],"tags":[],"class_list":["post-63453","post","type-post","status-publish","format-standard","hentry","category-actualite","category-maroc"],"_links":{"self":[{"href":"https:\/\/linitiative.ca\/International\/wp-json\/wp\/v2\/posts\/63453","targetHints":{"allow":["GET"]}}],"collection":[{"href":"https:\/\/linitiative.ca\/International\/wp-json\/wp\/v2\/posts"}],"about":[{"href":"https:\/\/linitiative.ca\/International\/wp-json\/wp\/v2\/types\/post"}],"author":[{"embeddable":true,"href":"https:\/\/linitiative.ca\/International\/wp-json\/wp\/v2\/users\/1759"}],"replies":[{"embeddable":true,"href":"https:\/\/linitiative.ca\/International\/wp-json\/wp\/v2\/comments?post=63453"}],"version-history":[{"count":0,"href":"https:\/\/linitiative.ca\/International\/wp-json\/wp\/v2\/posts\/63453\/revisions"}],"wp:attachment":[{"href":"https:\/\/linitiative.ca\/International\/wp-json\/wp\/v2\/media?parent=63453"}],"wp:term":[{"taxonomy":"category","embeddable":true,"href":"https:\/\/linitiative.ca\/International\/wp-json\/wp\/v2\/categories?post=63453"},{"taxonomy":"post_tag","embeddable":true,"href":"https:\/\/linitiative.ca\/International\/wp-json\/wp\/v2\/tags?post=63453"}],"curies":[{"name":"wp","href":"https:\/\/api.w.org\/{rel}","templated":true}]}}