{"id":63457,"date":"2019-10-06T04:10:29","date_gmt":"2019-10-06T08:10:29","guid":{"rendered":"https:\/\/linitiative.ca\/International\/cine-concert-spatial-t60-a-lif-du-maroc\/"},"modified":"2019-10-06T04:10:29","modified_gmt":"2019-10-06T08:10:29","slug":"cine-concert-spatial-t60-a-lif-du-maroc","status":"publish","type":"post","link":"https:\/\/linitiative.ca\/International\/cine-concert-spatial-t60-a-lif-du-maroc\/","title":{"rendered":"Cin\u00e9-concert spatial T60 \u00e0 l\u2019IF du Maroc"},"content":{"rendered":"<header>\n<\/header>\n<div class=\"entry-content clearfix\" readability=\"51\"><img decoding=\"async\" class=\"post_layout_5_img\" src=\"http:\/\/aujourdhui.ma\/wp-content\/uploads\/2019\/10\/Cine%CC%81-concert-spatial-T60.jpg?x29840\" alt=\"Cin\u00e9-concert spatial T60 \u00e0 l\u2019IF du Maroc\"\/><\/p>\n<p class=\"p1\"><span class=\"s1\"><span class=\"c4\"><strong>Du 11 au 25 octobre 2019, l\u2019Institut fran\u00e7ais du Maroc invite la Compagnie des Musiques T\u00e9lescopiques pour pr\u00e9senter son cin\u00e9-concert spatial T60.<\/strong><\/span><\/span> <span id=\"more-319000\"\/><\/p>\n<p class=\"p1\"><span class=\"s1\">Une exploration musicale de l\u2019univers et de l\u2019espace, \u00e0 d\u00e9couvrir en famille \u00e0 Tanger, K\u00e9nitra, Casablanca, El Jadida, Marrakech, Oujda, Mekn\u00e8s et Rabat. <em>\u00abCe cin\u00e9-concert part d\u2019un constat simple : mettez devant vos yeux une paire de lentilles puissantes (jumelles ou t\u00e9lescope) et vous \u00eates aussit\u00f4t transport\u00e9s l\u00e0 o\u00f9 vous regardez.<\/em><\/span><\/p>\n<p class=\"p1\"><span class=\"s1\"><em>C\u2019est ainsi que depuis des si\u00e8cles l\u2019homme voyage avec l\u00e9g\u00e8ret\u00e9, dans l\u2019espace et le temps : l\u2019astronome se transforme en astronaute\u00bb,<\/em> indiquent les organisateurs de cette manifestation.<\/span><\/p>\n<\/div>\n<p>Auteur: ALM<br \/>\n<a href=\"http:\/\/aujourdhui.ma\/culture\/musique\/cine-concert-spatial-t60-a-lif-du-maroc\">Cliquez ici pour lire l&rsquo;article depuis sa source.<\/a><\/p>\n","protected":false},"excerpt":{"rendered":"<p>Du 11 au 25 octobre 2019, l\u2019Institut fran\u00e7ais du Maroc invite la Compagnie des Musiques T\u00e9lescopiques pour pr\u00e9senter son cin\u00e9-concert spatial T60. Une exploration musicale de l\u2019univers et de l\u2019espace, \u00e0 d\u00e9couvrir en famille \u00e0 Tanger, K\u00e9nitra, Casablanca, El Jadida, Marrakech, Oujda, Mekn\u00e8s et Rabat. \u00abCe cin\u00e9-concert part d\u2019un constat simple : mettez devant vos [&hellip;]<\/p>\n","protected":false},"author":1759,"featured_media":0,"comment_status":"closed","ping_status":"closed","sticky":false,"template":"","format":"standard","meta":{"fifu_image_url":"","fifu_image_alt":"","footnotes":""},"categories":[73,54],"tags":[],"class_list":["post-63457","post","type-post","status-publish","format-standard","hentry","category-actualite","category-maroc"],"_links":{"self":[{"href":"https:\/\/linitiative.ca\/International\/wp-json\/wp\/v2\/posts\/63457","targetHints":{"allow":["GET"]}}],"collection":[{"href":"https:\/\/linitiative.ca\/International\/wp-json\/wp\/v2\/posts"}],"about":[{"href":"https:\/\/linitiative.ca\/International\/wp-json\/wp\/v2\/types\/post"}],"author":[{"embeddable":true,"href":"https:\/\/linitiative.ca\/International\/wp-json\/wp\/v2\/users\/1759"}],"replies":[{"embeddable":true,"href":"https:\/\/linitiative.ca\/International\/wp-json\/wp\/v2\/comments?post=63457"}],"version-history":[{"count":0,"href":"https:\/\/linitiative.ca\/International\/wp-json\/wp\/v2\/posts\/63457\/revisions"}],"wp:attachment":[{"href":"https:\/\/linitiative.ca\/International\/wp-json\/wp\/v2\/media?parent=63457"}],"wp:term":[{"taxonomy":"category","embeddable":true,"href":"https:\/\/linitiative.ca\/International\/wp-json\/wp\/v2\/categories?post=63457"},{"taxonomy":"post_tag","embeddable":true,"href":"https:\/\/linitiative.ca\/International\/wp-json\/wp\/v2\/tags?post=63457"}],"curies":[{"name":"wp","href":"https:\/\/api.w.org\/{rel}","templated":true}]}}