{"id":63458,"date":"2019-10-06T05:46:57","date_gmt":"2019-10-06T09:46:57","guid":{"rendered":"https:\/\/linitiative.ca\/International\/abdelahad-fassi-en-visite-a-lena-a-agadir\/"},"modified":"2019-10-06T05:46:57","modified_gmt":"2019-10-06T09:46:57","slug":"abdelahad-fassi-en-visite-a-lena-a-agadir","status":"publish","type":"post","link":"https:\/\/linitiative.ca\/International\/abdelahad-fassi-en-visite-a-lena-a-agadir\/","title":{"rendered":"Abdelahad Fassi en visite \u00e0 l\u2019ENA \u00e0 Agadir"},"content":{"rendered":"<p class=\"c3\"><strong><span class=\"c2\">Une \u00e9cole empreinte de dynamisme!<\/span><\/strong><\/p>\n<p class=\"c5\"><strong><span class=\"c2\">Q<span class=\"c4\">uelques d\u2019ann\u00e9es apr\u00e8s sa cr\u00e9ation, l\u2019Ecole Nationale des Architectes (ENA) a r\u00e9ussi \u00e0\u00a0 s\u2019\u00e9riger en mod\u00e8le de gouvernance et de dynamisme. Fra\u00eechement mis au monde, cet \u00e9tablissement de formation de hauts cadres se fait parler de lui, de par son \u00e9clat et de son rayonnement.<\/span><\/span><\/strong><\/p>\n<p class=\"c5\">Gracieusement h\u00e9berg\u00e9e dans certains locaux relevant de l\u2019universit\u00e9 Ibn Zohr, cette entit\u00e9 est en passe de se frayer un chemin des plus prometteurs, sous l\u2019\u00e9gide bienveillante du staff administratif et professoral bien \u00e0 l\u2019\u00e9coute des \u00e9tudiants. R\u00e9cemment, le ministre de l\u2019Am\u00e9nagement du Territoire de l\u2019Urbanisme, de l\u2019Habitat et de la Politique de la Ville, a visit\u00e9 le si\u00e8ge de l\u2019\u00c9cole Nationale d\u2019Architecture d\u2019Agadir en pr\u00e9sence du pr\u00e9sident de l\u2019universit\u00e9 Ibn Zohr, des \u00e9lus r\u00e9gionaux et locaux, des architectes, du staff p\u00e9dagogique et personnel de l\u2019\u00e9tablissement, des hauts responsables du minist\u00e8re ainsi que des \u00e9tudiants et leurs parents pour s\u2019enqu\u00e9rir de l\u2019\u00e9tat d\u2019avancement des pr\u00e9paratifs relatifs \u00e0 la rentr\u00e9e universitaire 2019\/2020.<\/p>\n<p class=\"c5\">Cette visite fait suite \u00e0 une s\u00e9rie de rencontres que le Ministre a effectu\u00e9e aux Ecoles Nationales d\u2019Architecture (T\u00e9touan, F\u00e8s et Marrakech), cr\u00e9\u00e9es r\u00e9cemment dans diff\u00e9rentes r\u00e9gions du Royaume en vue dans d\u2019accompagner la mise en \u0153uvre du processus de la r\u00e9gionalisation avanc\u00e9e. La visite du Ministre \u00e0 cet \u00e9tablissement, qui c\u00e9l\u00e8bre cette ann\u00e9e sa deuxi\u00e8me rentr\u00e9e universitaire et qui s\u2019inscrit dans le cadre d\u2019 une approche de proximit\u00e9 et d\u2019identification des structures et d\u2019harmonisation des efforts d\u00e9ploy\u00e9s pour l\u2019accompagnement et le soutien des \u00e9coles de formation relevant\u00a0 du minist\u00e8re de tutelle et plus pr\u00e9cis\u00e9ment\u00a0 les jeunes \u00c9coles d\u2019architecture \u00e0 l\u2019image de celle de la ville d\u2019Agadir, en lui assurant, notamment, les moyens humains et mat\u00e9riels n\u00e9cessaires \u00e0 son expansion et \u00e0 son \u00e9panouissement.<\/p>\n<p class=\"c5\">Cette visite a \u00e9t\u00e9 aussi l\u2019occasion pour le Ministre, de confirmer son accompagnement et son soutien dans l\u2019optique de faire \u00e9voluer l\u2019\u00e9cole et conforter ses objectifs et ses missions. Le Ministre a saisi cette occasion pour se concerter avec le staff administratif et\u00a0 \u00a0d\u2019encourager l\u2019\u00e9cole d\u2019architecture d\u2019Agadir \u00e0 participer amplement au d\u00e9veloppement et au rayonnement de la r\u00e9gion.<\/p>\n<p class=\"c6\"><strong>Saoudi\u00a0El\u00a0Amalki<\/strong><\/p>\n<p>Auteur: M&rsquo;hammed rahal<br \/>\n<a href=\"http:\/\/albayane.press.ma\/abdelahad-fassi-en-visite-a-lena-a-agadir.html\">Cliquez ici pour lire l&rsquo;article depuis sa source.<\/a><\/p>\n","protected":false},"excerpt":{"rendered":"<p>Une \u00e9cole empreinte de dynamisme! Quelques d\u2019ann\u00e9es apr\u00e8s sa cr\u00e9ation, l\u2019Ecole Nationale des Architectes (ENA) a r\u00e9ussi \u00e0\u00a0 s\u2019\u00e9riger en mod\u00e8le de gouvernance et de dynamisme. Fra\u00eechement mis au monde, cet \u00e9tablissement de formation de hauts cadres se fait parler de lui, de par son \u00e9clat et de son rayonnement. Gracieusement h\u00e9berg\u00e9e dans certains locaux [&hellip;]<\/p>\n","protected":false},"author":1760,"featured_media":0,"comment_status":"closed","ping_status":"closed","sticky":false,"template":"","format":"standard","meta":{"fifu_image_url":"","fifu_image_alt":"","footnotes":""},"categories":[73,54],"tags":[],"class_list":["post-63458","post","type-post","status-publish","format-standard","hentry","category-actualite","category-maroc"],"_links":{"self":[{"href":"https:\/\/linitiative.ca\/International\/wp-json\/wp\/v2\/posts\/63458","targetHints":{"allow":["GET"]}}],"collection":[{"href":"https:\/\/linitiative.ca\/International\/wp-json\/wp\/v2\/posts"}],"about":[{"href":"https:\/\/linitiative.ca\/International\/wp-json\/wp\/v2\/types\/post"}],"author":[{"embeddable":true,"href":"https:\/\/linitiative.ca\/International\/wp-json\/wp\/v2\/users\/1760"}],"replies":[{"embeddable":true,"href":"https:\/\/linitiative.ca\/International\/wp-json\/wp\/v2\/comments?post=63458"}],"version-history":[{"count":0,"href":"https:\/\/linitiative.ca\/International\/wp-json\/wp\/v2\/posts\/63458\/revisions"}],"wp:attachment":[{"href":"https:\/\/linitiative.ca\/International\/wp-json\/wp\/v2\/media?parent=63458"}],"wp:term":[{"taxonomy":"category","embeddable":true,"href":"https:\/\/linitiative.ca\/International\/wp-json\/wp\/v2\/categories?post=63458"},{"taxonomy":"post_tag","embeddable":true,"href":"https:\/\/linitiative.ca\/International\/wp-json\/wp\/v2\/tags?post=63458"}],"curies":[{"name":"wp","href":"https:\/\/api.w.org\/{rel}","templated":true}]}}