{"id":63459,"date":"2019-10-06T05:56:03","date_gmt":"2019-10-06T09:56:03","guid":{"rendered":"https:\/\/linitiative.ca\/International\/la-journee-mondiale-du-tourisme\/"},"modified":"2019-10-06T05:56:03","modified_gmt":"2019-10-06T09:56:03","slug":"la-journee-mondiale-du-tourisme","status":"publish","type":"post","link":"https:\/\/linitiative.ca\/International\/la-journee-mondiale-du-tourisme\/","title":{"rendered":"La journ\u00e9e mondiale du tourisme!"},"content":{"rendered":"<p class=\"c4\"><span class=\"c3\"><strong><span class=\"c2\">C<\/span>omme \u00e0 l\u2019accoutum\u00e9e, le 27 septembre de chaque ann\u00e9e, la communaut\u00e9 du secteur c\u00e9l\u00e8bre la journ\u00e9e mondiale du tourisme. Plac\u00e9e sous le th\u00e8me\u00a0central\u00a0: \u00abTourisme et emploi\u00a0: un avenir meilleur pour tous\u00a0!\u00bb.<\/strong><\/span><\/p>\n<p class=\"c4\">Cette comm\u00e9moration vise \u00e0 fluidifier l\u2019industrie touristique avec le besoin pressant de l\u2019employabilit\u00e9 des comp\u00e9tences. Les deux concepts unifi\u00e9s, tourisme\/emploi sont donc, consid\u00e9r\u00e9es \u00a0comme une n\u00e9cessite imp\u00e9rative. A cet effet, il convient de souligner que cette c\u00e9l\u00e9bration traditionnelle constitue, sans doute, une opportunit\u00e9 en direction des divers op\u00e9rateurs potentiels du domaine tant institutionnels que professionnels. A notre sens, il aurait bien fallu saisir cette occasion pour se rassembler autour une th\u00e9matique ayant trait \u00e0 ce mot d\u2019ordre universel.<\/p>\n<p class=\"c4\">Tout en liant l\u2019utile \u00e0 l\u2019agr\u00e9able en ces moments seyants, les intervenants de ce secteur, toutes branches confondues, se verraient, en effet, impr\u00e9gn\u00e9s dans une concorde \u00e0 m\u00eame de rapprocher, encore plus les visions et les ambitions dans une ambiance festive et conviviale. D\u2019autant plus que d\u2019autres initiatives se font valoir dans le sillage de la th\u00e9matique en vogue notamment l\u2019ONMT auquel le souci se fait ressentir visiblement au niveau de la \u00abpr\u00e9sence digitale\u00bb, \u00e0 hisser et valoriser.<\/p>\n<p class=\"c4\">A ce propos, il importe de rappeler que la r\u00e9gion Souss Massa, particuli\u00e8rement sa station baln\u00e9aire mise \u00e0 rude \u00e9preuve en \u00e9tape transitoire, se met au diapason du d\u00e9veloppement multi-sectoriel dont le tourisme occupe une place de choix.<\/p>\n<p class=\"c4\">Les perspectives de l\u2019expansion reposent essentiellement sur le socle du tourisme, au vu des ressources naturelles dont la destination Agadir regorge, en mati\u00e8re de cr\u00e9neaux li\u00e9s au baln\u00e9aire, mais aussi au rural, \u00e0 l\u2019exotisme et au bien-\u00eatre. Il s\u2019av\u00e8re aussi que, cette pi\u00e8ce ma\u00eetresse de l\u2019\u00e9conomie r\u00e9gionale voire nationale est g\u00e9n\u00e9ratrice de devises, mais surtout d\u2019emplois, parmi les jeunes fort \u00e9pris de panache et de novation. En plus de son impact soci\u00e9tal, v\u00e9hiculaire des valeurs de par le monde, le tourisme s\u2019\u00e9rige donc en r\u00e9el pourvoyeur de fonds et de faiseur de prodiges en la mati\u00e8re.<\/p>\n<p class=\"c4\">Un d\u00e9bat qui aurait d\u00fb meubler le d\u00e9bat profond autour de ces questionnements de haute importance, en cette journ\u00e9e mondiale du tourisme. \u00abDe la discussion jaillit la lumi\u00e8re\u00a0!\u00bb, dirait-on. La communaut\u00e9 du tourisme a grand besoin de l\u2019\u00e9change et de la concertation sur des sujets qui la taraudent, en ces temps d\u2019expectative. C\u2019est, au fait, le r\u00f4le de ses structures associatives, en particulier le Conseil R\u00e9gional de Tourisme (CRT) qui se doit de multiplier les rencontres consultatives en vue de tendre les passerelles d\u2019entente et de synergie susceptibles d\u2019impulser le secteur vers des cieux enchanteurs.<\/p>\n<p>Auteur: M&rsquo;hammed rahal<br \/>\n<a href=\"http:\/\/albayane.press.ma\/la-journee-mondiale-du-tourisme.html\">Cliquez ici pour lire l&rsquo;article depuis sa source.<\/a><\/p>\n","protected":false},"excerpt":{"rendered":"<p>Comme \u00e0 l\u2019accoutum\u00e9e, le 27 septembre de chaque ann\u00e9e, la communaut\u00e9 du secteur c\u00e9l\u00e8bre la journ\u00e9e mondiale du tourisme. Plac\u00e9e sous le th\u00e8me\u00a0central\u00a0: \u00abTourisme et emploi\u00a0: un avenir meilleur pour tous\u00a0!\u00bb. Cette comm\u00e9moration vise \u00e0 fluidifier l\u2019industrie touristique avec le besoin pressant de l\u2019employabilit\u00e9 des comp\u00e9tences. Les deux concepts unifi\u00e9s, tourisme\/emploi sont donc, consid\u00e9r\u00e9es \u00a0comme [&hellip;]<\/p>\n","protected":false},"author":1760,"featured_media":0,"comment_status":"closed","ping_status":"closed","sticky":false,"template":"","format":"standard","meta":{"fifu_image_url":"","fifu_image_alt":"","footnotes":""},"categories":[73,54],"tags":[],"class_list":["post-63459","post","type-post","status-publish","format-standard","hentry","category-actualite","category-maroc"],"_links":{"self":[{"href":"https:\/\/linitiative.ca\/International\/wp-json\/wp\/v2\/posts\/63459","targetHints":{"allow":["GET"]}}],"collection":[{"href":"https:\/\/linitiative.ca\/International\/wp-json\/wp\/v2\/posts"}],"about":[{"href":"https:\/\/linitiative.ca\/International\/wp-json\/wp\/v2\/types\/post"}],"author":[{"embeddable":true,"href":"https:\/\/linitiative.ca\/International\/wp-json\/wp\/v2\/users\/1760"}],"replies":[{"embeddable":true,"href":"https:\/\/linitiative.ca\/International\/wp-json\/wp\/v2\/comments?post=63459"}],"version-history":[{"count":0,"href":"https:\/\/linitiative.ca\/International\/wp-json\/wp\/v2\/posts\/63459\/revisions"}],"wp:attachment":[{"href":"https:\/\/linitiative.ca\/International\/wp-json\/wp\/v2\/media?parent=63459"}],"wp:term":[{"taxonomy":"category","embeddable":true,"href":"https:\/\/linitiative.ca\/International\/wp-json\/wp\/v2\/categories?post=63459"},{"taxonomy":"post_tag","embeddable":true,"href":"https:\/\/linitiative.ca\/International\/wp-json\/wp\/v2\/tags?post=63459"}],"curies":[{"name":"wp","href":"https:\/\/api.w.org\/{rel}","templated":true}]}}