{"id":63460,"date":"2019-10-06T06:17:03","date_gmt":"2019-10-06T10:17:03","guid":{"rendered":"https:\/\/linitiative.ca\/International\/senegal-inaugurationdun-college-finance-par-la-fondation-bmce-bank\/"},"modified":"2019-10-06T06:17:03","modified_gmt":"2019-10-06T10:17:03","slug":"senegal-inaugurationdun-college-finance-par-la-fondation-bmce-bank","status":"publish","type":"post","link":"https:\/\/linitiative.ca\/International\/senegal-inaugurationdun-college-finance-par-la-fondation-bmce-bank\/","title":{"rendered":"S\u00e9n\u00e9gal: inaugurationd\u2019un coll\u00e8ge financ\u00e9 par la Fondation BMCE Bank"},"content":{"rendered":"<p class=\"c4\"><span class=\"c3\"><strong><span class=\"c2\">U<\/span>n coll\u00e8ge franco-arabe baptis\u00e9 \u00abDaara Rama\u00bb, financ\u00e9 par la Fondation BMCE Bank pour l\u2019Education et l\u2019Environnement, a \u00e9t\u00e9 inaugur\u00e9 officiellement jeudi \u00e0 Diamniadio (\u00e0 une trentaine de km de Dakar), en pr\u00e9sence du pr\u00e9sident s\u00e9n\u00e9galais Macky Sall et du pr\u00e9sident directeur g\u00e9n\u00e9ral du Groupe BMCE Bank, Othman Benjelloun.<\/strong><\/span><\/p>\n<p class=\"c4\">Cette c\u00e9r\u00e9monie a \u00e9t\u00e9 marqu\u00e9e par la pr\u00e9sence \u00e9galement du pr\u00e9sident du B\u00e9nin, Patrice Talon, de la pr\u00e9sidente de la Fondation BMCE Bank, Dr Leila Mezian Benjelloun et de la pr\u00e9sidente de la Fondation \u00abServir le S\u00e9n\u00e9gal\u00bb et Premi\u00e8re Dame du S\u00e9n\u00e9gal, Mme Mari\u00e8me Faye Sall.<\/p>\n<p class=\"c4\">Ce coll\u00e8ge est le fruit d\u2019un partenariat scell\u00e9 en 2014 entre la Fondation \u00abServir le S\u00e9n\u00e9gal\u00bb et la Fondation BMCE Bank pour l\u2019\u00e9ducation et l\u2019environnement. La convention pr\u00e9voyait un \u00e9change d\u2019expertise ainsi qu\u2019une contribution financi\u00e8re \u00e0 la cr\u00e9ation d\u2019un complexe scolaire baptis\u00e9 Coll\u00e8ge franco-arabe \u00abDaara Rama\u00bb.<\/p>\n<p class=\"c4\">Intervenant \u00e0 cette occasion, le chef de l\u2019Etat s\u00e9n\u00e9galais a mis en \u00e9vidence l\u2019importance de ce projet qui se veut, a-t-il soulign\u00e9, \u00abune importante r\u00e9alisation \u00e9ducative et sociale\u00bb, \u00abfruit du partenariat f\u00e9cond et de la coop\u00e9ration multisectorielle entre le Royaume du Maroc et la R\u00e9publique du S\u00e9n\u00e9gal\u00bb.<\/p>\n<p class=\"c4\">\u00abJe saisis cette occasion pour exprimer mes remerciements chaleureux \u00e0 SM le Roi Mohammed VI, au peuple marocain ami et \u00e0 la Fondation BMCE Bank pour sa contribution \u00e0 la construction et \u00e0 l\u2019\u00e9quipement de cette importante infrastructure socio-\u00e9ducative\u00bb, a-t-il ajout\u00e9.<\/p>\n<p class=\"c4\">Selon le chef de l\u2019Etat s\u00e9n\u00e9galais, \u00abcette infrastructure va s\u00fbrement contribuer \u00e0 la mat\u00e9rialisation de notre vision pour un S\u00e9n\u00e9gal \u00e9mergent et prosp\u00e8re\u00bb.<\/p>\n<p class=\"c4\">De son c\u00f4t\u00e9, la pr\u00e9sidente de la Fondation BMCE Bank, Dr Leila Mezian Benjelloun a mis en exergue l\u2019\u00e9change fructueux avec la Fondation Servir le S\u00e9n\u00e9gal, \u00abautour de ces mod\u00e8les d\u2019excellence que sont ces Daaras et que sont nos \u00e9coles communautaires Medersat.com\u00bb.<\/p>\n<p class=\"c4\">\u00abEn 2014, notre Fondation s\u2019\u00e9tait engag\u00e9e, aux termes de notre accord, \u00e0 apporter sa contribution multidimensionnelle dont financi\u00e8re \u00e0 la construction d\u2019un Daara d\u2019excellence, moderne et innovant\u00bb, a-t-elle rappel\u00e9, se disant convaincue qu\u2019il faut ouvrir l\u2019esprit de l\u2019enfant, d\u00e8s son plus jeune \u00e2ge, aux langues \u00e9trang\u00e8res, comme le fran\u00e7ais, l\u2019arabe pour le S\u00e9n\u00e9gal.<br \/>\u00abNous avons foi dans une \u00e9ducation qui met, au service de l\u2019enfance, les moyens de leur temps, les moyens du 21\u00e8me si\u00e8cle, \u00e0 savoir, les nouvelles technologies : l\u2019ordinateur, le tableau num\u00e9rique interactif, les outils p\u00e9dagogiques num\u00e9riques et m\u00eame les robots\u00bb, a-t-elle encha\u00een\u00e9.<\/p>\n<p class=\"c4\">\u00abAutant que ces outils p\u00e9dagogiques et num\u00e9riques, autant que cette ouverture au multilinguisme, nous partageons, ensemble, les m\u00eames valeurs spirituelles fond\u00e9es sur les traditions soufis et mal\u00e9kites, l\u2019ouverture sur l\u2019autre et sur l\u2019\u00e9tranger, l\u2019enracinement dans nos cultures respectives, et l\u2019engagement dans la modernit\u00e9, essentielle \u00e0 la vie des g\u00e9n\u00e9rations montantes\u00bb, a-t-elle dit.<\/p>\n<p class=\"c4\">Pour sa part, le vice-pr\u00e9sident de la Fondation \u00abServir le S\u00e9n\u00e9gal\u00bb, Alioune Badara Sall a indiqu\u00e9 que la pr\u00e9sence au S\u00e9n\u00e9gal du PDG de la BMCE Bank et de la pr\u00e9sidente de la fondation BMCE Bank atteste de l\u2019int\u00e9r\u00eat port\u00e9 \u00e0 la cause de l\u2019\u00e9ducation, ajoutant que \u00abcette pr\u00e9sence et l\u2019engagement qui l\u2019inspire sont aussi \u00e0 l\u2019image des relations exemplaires entre nos pays respectifs, li\u00e9s par l\u2019histoire et le legs des g\u00e9n\u00e9rations ant\u00e9rieures\u00bb.<\/p>\n<p class=\"c4\">\u00abCette infrastructure que nous inaugurons aujourd\u2019hui est le produit de l\u2019engagement social de la fondation Servir le S\u00e9n\u00e9gal et du sens \u00e9lev\u00e9 de la solidarit\u00e9 humaine de la BMCE Bank, agissant par son bras social qu\u2019est la Fondation Bmce Bank\u00bb, a-t-il poursuivi, expliquant que les pensionnaires de cette institution, exclusivement des jeunes filles s\u00e9lectionn\u00e9es sur concours, b\u00e9n\u00e9ficieront du r\u00e9gime d\u2019internat complet, avec un encadrement administratif et domestique enti\u00e8rement f\u00e9minin.<\/p>\n<p class=\"c4\">Le coll\u00e8ge franco-arabe \u00abDaara Rama\u00bb occupe un terrain de trois hectares dans le nouveau p\u00f4le urbain de Diamniadio. Il est compos\u00e9 de b\u00e2timents construits sur 1771 m2, comprenant des salles de classe, un laboratoire \u00e9quip\u00e9 pour les tests et exp\u00e9riences scientifiques, une biblioth\u00e8que, une mosqu\u00e9e, un internat et des\u00a0 d\u00e9pendances dont un r\u00e9fectoire et une infirmerie.<\/p>\n<p class=\"c4\">L\u2019\u00e9tablissement est ouvert, par voie de concours, aux jeunes filles \u00e2g\u00e9es de 13 ans, \u00e0 partir de la premi\u00e8re ann\u00e9e d\u2019enseignement secondaire jusqu\u2019\u00e0 la fin d\u2019un cycle. L\u2019enseignement qui y sera dispens\u00e9 est classique et scientifique, outre un enseignement coranique selon les traditions du S\u00e9n\u00e9gal.<\/p>\n<p class=\"c4\">Le coll\u00e8ge accueillera une premi\u00e8re promotion de 24 \u00e9l\u00e8ves, qui peut \u00eatre port\u00e9e \u00e0 48 filles, alors que l\u2019internat est d\u2019une capacit\u00e9 de 60 places avec, \u00e0 terme, l\u2019objectif d\u2019atteindre 200 places, apr\u00e8s extension.<\/p>\n<p class=\"c4\">L\u2019installation utilise les \u00e9nergies renouvelables pour l\u2019\u00e9clairage des voies de circulation (lampadaires solaires avec panneaux photovolta\u00efques).<\/p>\n<p class=\"c4\">Au cours de la c\u00e9r\u00e9monie d\u2019inauguration, une convention de r\u00e9trocession de la gestion de cette infrastructure \u00e9ducative a \u00e9t\u00e9 sign\u00e9e entre le ministre de l\u2019\u00e9ducation nationale du S\u00e9n\u00e9gal, Mamadou Tall et le vice-pr\u00e9sident de la Fondation \u00abServir le S\u00e9n\u00e9gal\u00bb, Alioune Badara Sall.<\/p>\n<p class=\"c4\">La c\u00e9r\u00e9monie s\u2019est d\u00e9roul\u00e9e en pr\u00e9sence notamment de membres du gouvernement s\u00e9n\u00e9galais et de membres du corps diplomatique accr\u00e9dit\u00e9 \u00e0 Dakar, dont l\u2019ambassadeur du Maroc au S\u00e9n\u00e9gal, Taleb Barrada.<\/p>\n<p>Auteur: M&rsquo;hammed rahal<br \/>\n<a href=\"http:\/\/albayane.press.ma\/senegal-inaugurationdun-college-finance-par-la-fondation-bmce-bank.html\">Cliquez ici pour lire l&rsquo;article depuis sa source.<\/a><\/p>\n","protected":false},"excerpt":{"rendered":"<p>Un coll\u00e8ge franco-arabe baptis\u00e9 \u00abDaara Rama\u00bb, financ\u00e9 par la Fondation BMCE Bank pour l\u2019Education et l\u2019Environnement, a \u00e9t\u00e9 inaugur\u00e9 officiellement jeudi \u00e0 Diamniadio (\u00e0 une trentaine de km de Dakar), en pr\u00e9sence du pr\u00e9sident s\u00e9n\u00e9galais Macky Sall et du pr\u00e9sident directeur g\u00e9n\u00e9ral du Groupe BMCE Bank, Othman Benjelloun. Cette c\u00e9r\u00e9monie a \u00e9t\u00e9 marqu\u00e9e par la [&hellip;]<\/p>\n","protected":false},"author":1760,"featured_media":0,"comment_status":"closed","ping_status":"closed","sticky":false,"template":"","format":"standard","meta":{"fifu_image_url":"","fifu_image_alt":"","footnotes":""},"categories":[73,54],"tags":[],"class_list":["post-63460","post","type-post","status-publish","format-standard","hentry","category-actualite","category-maroc"],"_links":{"self":[{"href":"https:\/\/linitiative.ca\/International\/wp-json\/wp\/v2\/posts\/63460","targetHints":{"allow":["GET"]}}],"collection":[{"href":"https:\/\/linitiative.ca\/International\/wp-json\/wp\/v2\/posts"}],"about":[{"href":"https:\/\/linitiative.ca\/International\/wp-json\/wp\/v2\/types\/post"}],"author":[{"embeddable":true,"href":"https:\/\/linitiative.ca\/International\/wp-json\/wp\/v2\/users\/1760"}],"replies":[{"embeddable":true,"href":"https:\/\/linitiative.ca\/International\/wp-json\/wp\/v2\/comments?post=63460"}],"version-history":[{"count":0,"href":"https:\/\/linitiative.ca\/International\/wp-json\/wp\/v2\/posts\/63460\/revisions"}],"wp:attachment":[{"href":"https:\/\/linitiative.ca\/International\/wp-json\/wp\/v2\/media?parent=63460"}],"wp:term":[{"taxonomy":"category","embeddable":true,"href":"https:\/\/linitiative.ca\/International\/wp-json\/wp\/v2\/categories?post=63460"},{"taxonomy":"post_tag","embeddable":true,"href":"https:\/\/linitiative.ca\/International\/wp-json\/wp\/v2\/tags?post=63460"}],"curies":[{"name":"wp","href":"https:\/\/api.w.org\/{rel}","templated":true}]}}