{"id":63461,"date":"2019-10-06T06:24:47","date_gmt":"2019-10-06T10:24:47","guid":{"rendered":"https:\/\/linitiative.ca\/International\/premieres-assises-des-industries-culturelles-et-creatives-a-rabat\/"},"modified":"2019-10-06T06:24:47","modified_gmt":"2019-10-06T10:24:47","slug":"premieres-assises-des-industries-culturelles-et-creatives-a-rabat","status":"publish","type":"post","link":"https:\/\/linitiative.ca\/International\/premieres-assises-des-industries-culturelles-et-creatives-a-rabat\/","title":{"rendered":"Premi\u00e8res assises des industries culturelles et cr\u00e9atives \u00e0 Rabat"},"content":{"rendered":"<p class=\"c3\"><span class=\"c2\"><strong>Mohamed Al Aaraj: \u00abouvrir de nouveaux horizons pour promouvoir la culture et la cr\u00e9ation\u00bb<\/strong><\/span><\/p>\n<p class=\"c5\"><span class=\"c4\"><strong><span class=\"c2\">L<\/span>es premi\u00e8res assises des industries culturelles et cr\u00e9atives organis\u00e9es par le Minist\u00e8re de la Culture et de la communication et la F\u00e9d\u00e9ration G\u00e9n\u00e9rale des Entreprises du Maroc se sont ouvertes vendredi 04 octobre \u00e0 Rabat en pr\u00e9sence des professionnels, acteurs gouvernementaux et des hommes et femmes de la culture et des arts.<\/strong><\/span><\/p>\n<p class=\"c5\">Le Maroc veut poser les jalons d\u2019une industrielle culturelle et cr\u00e9ative. Et l\u2019\u00e9v\u00e8nement se veut le cadre idoine pour y parvenir. Selon le ministre de la culture et de la communication, Mohamed Al Aaraj, cet \u00e9v\u00e9nement permettra d\u2019ouvrir de nouveaux horizons pour promouvoir la culture et la cr\u00e9ation, et de rapprocher les diff\u00e9rentes questions touchant l\u2019industrie de\u00a0 la culture via une approche participative.\u00a0 \u00abLe th\u00e8me des premi\u00e8res assises est li\u00e9 \u00e0 la gestion de la culture dans le monde en g\u00e9n\u00e9ral\u00a0 et au Maroc, en particulier afin d\u2019accompagner les grands changements en la mati\u00e8re\u00bb,\u00a0a-t-il affirm\u00e9 dans son mot inaugural \u00e0 l\u2019occasion.<\/p>\n<p class=\"c5\">Le th\u00e8me des assises est d\u2019actualit\u00e9 notamment, la relation de la culture avec l\u2019\u00e9conomie et la cr\u00e9ation et l\u2019\u00e9conomie, a soulign\u00e9 pour sa part Habib El Malki, pr\u00e9sident de la Chambre des repr\u00e9sentants. Selon lui,\u00a0la cr\u00e9ation au Maroc pourrait \u00eatre un levier fondamental du d\u00e9veloppement dans l\u2019\u00e9conomie, g\u00e9n\u00e9ratrice de revenus et cr\u00e9atrice d\u2019emplois. Par ailleurs, l\u2019intervenant\u00a0 a pr\u00e9sent\u00e9 les exp\u00e9riences d\u2019autres pays en Asie, Afrique, Europe, Am\u00e9rique et plus pr\u00e9cis\u00e9ment les exp\u00e9riences en Australie et Grande-Bretagne qui ont employ\u00e9 le concept des industries culturelles et cr\u00e9atives dans les ann\u00e9es 90, tout en mettant\u00a0 la lumi\u00e8re sur les revenus et retomb\u00e9es dans les domaines de la culture et la cr\u00e9ation.<\/p>\n<p class=\"c5\">\u00abL\u2019investissement dans le domaine de la culture et la cr\u00e9ation ne cr\u00e9e pas uniquement les richesses et l\u2019\u00e9conomie, mais il \u0153uvre \u00e9galement pour le \u00a0renforcement de la coh\u00e9sion sociale et l\u2019enrichissement de la culture et de l\u2019identit\u00e9 nationale et assure aussi la stabilit\u00e9 politique et sociale\u00bb, a-t-il fait savoir. Quant \u00e0 Ahmed Reda Chami, pr\u00e9sident du Conseil \u00e9conomique et social, il a mis l\u2019accent sur l\u2019investissement dans les domaines de la cr\u00e9ation et de la culture qui est, d\u2019apr\u00e8s lui, un enjeu pour les ann\u00e9es \u00e0 venir et un domaine qui permettra d\u2019impulser le d\u00e9veloppement \u00e9conomique et social et renforcer l\u2019image du Maroc \u00e0 l\u2019ext\u00e9rieur.<\/p>\n<p class=\"c5\">Le conseil, a-t-il ajout\u00e9, a \u0153uvr\u00e9 pour que leur de la culture ait, \u00e0 l\u2019image d\u2019autres secteurs, un plan strat\u00e9gique national pour en faire une locomotive de d\u00e9veloppement \u00e9conomique et social. Au cours de ces deux jours de r\u00e9flexion et d\u2019\u00e9change, une belle brochette d\u2019intervenants et sp\u00e9cialistes dans le domaine de la culture, de l\u2019\u00e9conomie, la finance et le patrimoine d\u00e9battront autour de diff\u00e9rentes th\u00e9matiques dont\u00a0 les \u00abrichesses des identit\u00e9s culturelles, un capital \u00e0 valoriser\u00bb, \u00absynergie et inclusion, leviers d\u2019une nouvelle vision strat\u00e9gique\u00bb, \u00a0la culture, source d\u2019\u00e9quit\u00e9, modernit\u00e9 et durabilit\u00e9\u00bb. Un autre panel sera consacr\u00e9 aux \u00abopportunit\u00e9s de march\u00e9 pour les arts et la culture au Maroc\u00bb.<\/p>\n<p class=\"c6\"><strong>Mohamed Nait Youssef<\/strong><\/p>\n<p>Auteur: M&rsquo;hammed rahal<br \/>\n<a href=\"http:\/\/albayane.press.ma\/premieres-assises-des-industries-culturelles-et-creatives-a-rabat.html\">Cliquez ici pour lire l&rsquo;article depuis sa source.<\/a><\/p>\n","protected":false},"excerpt":{"rendered":"<p>Mohamed Al Aaraj: \u00abouvrir de nouveaux horizons pour promouvoir la culture et la cr\u00e9ation\u00bb Les premi\u00e8res assises des industries culturelles et cr\u00e9atives organis\u00e9es par le Minist\u00e8re de la Culture et de la communication et la F\u00e9d\u00e9ration G\u00e9n\u00e9rale des Entreprises du Maroc se sont ouvertes vendredi 04 octobre \u00e0 Rabat en pr\u00e9sence des professionnels, acteurs gouvernementaux [&hellip;]<\/p>\n","protected":false},"author":1760,"featured_media":0,"comment_status":"closed","ping_status":"closed","sticky":false,"template":"","format":"standard","meta":{"fifu_image_url":"","fifu_image_alt":"","footnotes":""},"categories":[73,54],"tags":[],"class_list":["post-63461","post","type-post","status-publish","format-standard","hentry","category-actualite","category-maroc"],"_links":{"self":[{"href":"https:\/\/linitiative.ca\/International\/wp-json\/wp\/v2\/posts\/63461","targetHints":{"allow":["GET"]}}],"collection":[{"href":"https:\/\/linitiative.ca\/International\/wp-json\/wp\/v2\/posts"}],"about":[{"href":"https:\/\/linitiative.ca\/International\/wp-json\/wp\/v2\/types\/post"}],"author":[{"embeddable":true,"href":"https:\/\/linitiative.ca\/International\/wp-json\/wp\/v2\/users\/1760"}],"replies":[{"embeddable":true,"href":"https:\/\/linitiative.ca\/International\/wp-json\/wp\/v2\/comments?post=63461"}],"version-history":[{"count":0,"href":"https:\/\/linitiative.ca\/International\/wp-json\/wp\/v2\/posts\/63461\/revisions"}],"wp:attachment":[{"href":"https:\/\/linitiative.ca\/International\/wp-json\/wp\/v2\/media?parent=63461"}],"wp:term":[{"taxonomy":"category","embeddable":true,"href":"https:\/\/linitiative.ca\/International\/wp-json\/wp\/v2\/categories?post=63461"},{"taxonomy":"post_tag","embeddable":true,"href":"https:\/\/linitiative.ca\/International\/wp-json\/wp\/v2\/tags?post=63461"}],"curies":[{"name":"wp","href":"https:\/\/api.w.org\/{rel}","templated":true}]}}