{"id":63463,"date":"2019-10-06T13:04:36","date_gmt":"2019-10-06T17:04:36","guid":{"rendered":"https:\/\/linitiative.ca\/International\/baisser-de-rideau-a-alger-sur-la-premiere-rencontre-de-musique-andalouse-senaa\/"},"modified":"2019-10-06T13:04:36","modified_gmt":"2019-10-06T17:04:36","slug":"baisser-de-rideau-a-alger-sur-la-premiere-rencontre-de-musique-andalouse-senaa","status":"publish","type":"post","link":"https:\/\/linitiative.ca\/International\/baisser-de-rideau-a-alger-sur-la-premiere-rencontre-de-musique-andalouse-senaa\/","title":{"rendered":"Baisser de rideau, \u00e0 Alger, sur la Premi\u00e8re rencontre de musique andalouse, \u00ab\u00a0Sen\u00e2a\u00a0\u00bb"},"content":{"rendered":"<div readability=\"40\">\n<p><strong>ALGER- La Premi\u00e8re rencontre de musique andalouse de style Sen\u00e2a a pris fin, samedi soir \u00e0 Alger, avec un concert anim\u00e9 par Noureddine Saoudi et une fusion entre l\u2019Ensemble r\u00e9gional du genre, et l\u2019Orchestre symphonique de l\u2019Op\u00e9ra d\u2019Alger, dirig\u00e9e dans des atmosph\u00e8res conviviales, par le jeune maestro Lotfi SaIdi.<\/strong><\/p>\n<\/div>\n<div readability=\"143.891249046\">\n<p>Accueillie \u00e0 l\u2019Op\u00e9ra d\u2019Alger Boualem-BessaIh, la Premi\u00e8re rencontre de musique andalouse, d\u00e9di\u00e9e au genre Sen\u00e2a sous l\u2019intitul\u00e9 de \u00ab\u00a0T\u00e9moignages\u00a0\u00bb, entre dans le cadre du programme r\u00e9gulier de l\u2019Op\u00e9ra d\u2019Alger qui \u0153uvre, entre autre, \u00e0 la \u00ab\u00a0Pr\u00e9servation et \u00e0 la socialisation de la m\u00e9moire culturelle et musicale andalouse\u00a0\u00bb.<\/p>\n<p>Devant un public restreint, fait de connaisseurs et d\u2019invit\u00e9s, la soir\u00e9e de cl\u00f4ture a \u00e9t\u00e9 d\u00e9di\u00e9e \u00e0 Abderrahmane Belhocine (1909-1982), grand ma\u00eetre de la musique andalouse Sen\u00e2a qui a encadr\u00e9 plusieurs noms, devenus c\u00e9l\u00e8bres dans diff\u00e9rents domaines artistiques, \u00e0 l\u2019instar de Mohamed Kheznadji et Sid Ahmed Agoumi, deux ic\u00f4nes, de la chanson andalouse, du Th\u00e9\u00e2tre et du cin\u00e9ma, respectivement.<\/p>\n<p>Noureddine Saoudi, lui-m\u00eame \u00e9l\u00e8ve de Abderrahmane Belhocine, s\u2019est dispens\u00e9, le temps d\u2019un tour de chant, de son titre de directeur de l\u2019Op\u00e9ra Boualem-Bessa\u00efh, pour enchanter l\u2019assistance avec \u00ab\u00a0Ya racha el fettane\u00a0\u00bb et \u00ab\u00a0Li habiboun\u00a0\u00bb, deux \u00ab\u00a0inqilabet\u00a0\u00bb dans les modes, Zid\u00e8ne et Raml el Maya, avant d\u2019enchainer, dans le genre \u00ab\u00a0H\u2019\u00e7in\u00a0\u00bb, quelques pi\u00e8ces rendues dans les diff\u00e9rentes d\u00e9clinaisons m\u00e9lodiques et rythmiques de la nouba.<\/p>\n<p>\u00ab\u00a0Koulla yaoum bacha\u00efr\u00a0\u00bb, \u00ab\u00a0Min nadh\u2019mihi el mordjane\u00a0\u00bb, \u00ab\u00a0Zada el hobbo wajdi\u00a0\u00bb, \u00ab\u00a0Charibna wa taba charbouna\u00a0\u00bb et \u00ab\u00a0Essaqi yanouh\u00a0\u00bb, sont les titres interpr\u00e9t\u00e9s par Noureddine saoudi, avec le vibrato d\u2019une voix pr\u00e9sente, \u00e0 la tessiture large, soutenue par -un orchestre fusion- d\u2019une quarantaine de musiciens issus des ensembles, andalou et de musique symphonique, que Lotfi Sa\u00efdi a dirig\u00e9 d\u2019une main de ma\u00eetre.<\/p>\n<blockquote readability=\"12\">\n<p><em><strong>Tr\u00e8s applaudi par l\u2019assistance qui a pris part au voyage, le t\u00e9nor s\u2019est d\u00e9clar\u00e9 \u00ab\u00a0tr\u00e8s heureux\u00a0\u00bb d\u2019avoir pu organiser cet hommage qui \u00ab\u00a0le tenait vraiment \u00e0 c\u0153ur\u00a0\u00bb, avant de livrer son t\u00e9moignage sur son parcours d\u2019\u00e9l\u00e8ve dans les classes de son ma\u00eetre Abderrahmane Belhocine auquel il vouera \u00ab\u00a0\u00e9ternellement\u00a0\u00bb, a-t-il r\u00e9it\u00e9r\u00e9, \u00ab\u00a0reconnaissance et respect\u00a0\u00bb.<\/strong><\/em><\/p>\n<\/blockquote>\n<p>L\u2019hommage rendu \u00e0 Abderrahmane Belhocine a \u00e9t\u00e9 \u00e9galement ponctu\u00e9 par la projection, tout au long de la soir\u00e9e, d\u2019anciennes photographies illustrant des moments de vie en classe avec ses nombreux \u00e9l\u00e8ves, ainsi que plusieurs t\u00e9moignages de ses enfants, Mourad, devenu virtuose du piano notamment, et ses \u00e9l\u00e8ves durant les ann\u00e9es 1960, tous unanimes sur \u00ab\u00a0ses qualit\u00e9s de p\u00e9dagogue rigoureux et strict\u00a0\u00bb.<\/p>\n<hr\/>\n<p>Lire aussi : <a href=\"http:\/\/www.aps.dz\/culture\/92105-belle-prestation-a-alger-de-l-ensemble-safar-de-musique-andalouse\">Belle prestation, \u00e0 Alger, de l&rsquo;Ensemble \u00ab\u00a0Safar\u00a0\u00bb de musique andalouse<\/a><\/p>\n<hr\/>\n<p>C\u2019est ainsi que Sid Ahmed Agoumi, tr\u00e8s applaudi par l\u2019assistance, fera part des raisons qui l\u2019ont amen\u00e9 \u00e0 s\u2019inscrire au cours de Abderrahmane Belhocine, se rappelant, avec beaucoup d\u2019humour, de son souci \u00e0 bien travailler la diction dans la d\u00e9clamation des dialogues et \u00e0 respecter le rythme et les intonations de chaque mot prononc\u00e9, chose qu&rsquo;il trouvera, a-t-il-dit, dans l&rsquo;exercice de la chanson andalouse.<\/p>\n<p>Entre chants et t\u00e9moignages, le public a pris du plaisir \u00e0 voir de grands noms de la culture alg\u00e9rienne, r\u00e9unis, de l\u2019avis d\u2019une spectatrice, sur sc\u00e8ne gr\u00e2ce \u00e0 l\u2019\u00a0\u00bb\u0153uvre d\u2019un homme\u00a0\u00bb qui aura vou\u00e9 toute sa vie pour la \u00ab\u00a0pr\u00e9servation et la promotion\u00a0\u00bb de la musique andalouse dans sa variante Sen\u00e2a.<\/p>\n<p>La premi\u00e8re partie de la soir\u00e9e a permis d\u2019appr\u00e9cier quelques reprises, que la vingtaine de musiciens de l\u2019Orchestre symphonique de l\u2019Op\u00e9ra d\u2019Alger, a rendu avec brio, alignant, entre autres pi\u00e8ces, \u00ab\u00a0Gabriel\u2019s Oboe\u00a0\u00bb d\u2019Ennio Morricone, \u00ab\u00a0La Paloma\u00a0\u00bb de Sebasti?n Iradier (1809-1865), \u00ab\u00a0Habanera\u00a0\u00bb de Georges Bizet (1838- 1875) et \u00ab\u00a0Stand by Me\u00a0\u00bb de Benjamin Earl Nelson (1936-2015).<\/p>\n<p>La Premi\u00e8re rencontre de musique andalouse de style Sen\u00e2a a accueilli depuis son ouverture le 2 octobre dernier, les associations, \u00ab\u00a0El Djennadia\u00a0\u00bb de Boufarik, \u00ab\u00a0El Ka\u00efssaria\u00a0\u00bb de Cherchell, \u00ab\u00a0Ibnou Badja\u00a0\u00bb de Mostaganem, ainsi qu\u2019\u00a0\u00bbEl Djazira\u00a0\u00bb et \u00ab\u00a0Manzah Anadil El Djaza\u00efr\u00a0\u00bb d\u2019Alger.<\/p>\n<\/div>\n<p>Auteur:<br \/>\n<a href=\"http:\/\/www.aps.dz\/culture\/95254-baisser-de-rideau-a-alger-sur-la-premiere-rencontre-de-musique-andalouse-senaa\">Cliquez ici pour lire l&rsquo;article depuis sa source.<\/a><\/p>\n","protected":false},"excerpt":{"rendered":"<p>ALGER- La Premi\u00e8re rencontre de musique andalouse de style Sen\u00e2a a pris fin, samedi soir \u00e0 Alger, avec un concert anim\u00e9 par Noureddine Saoudi et une fusion entre l\u2019Ensemble r\u00e9gional du genre, et l\u2019Orchestre symphonique de l\u2019Op\u00e9ra d\u2019Alger, dirig\u00e9e dans des atmosph\u00e8res conviviales, par le jeune maestro Lotfi SaIdi. Accueillie \u00e0 l\u2019Op\u00e9ra d\u2019Alger Boualem-BessaIh, la [&hellip;]<\/p>\n","protected":false},"author":1790,"featured_media":0,"comment_status":"closed","ping_status":"closed","sticky":false,"template":"","format":"standard","meta":{"fifu_image_url":"","fifu_image_alt":"","footnotes":""},"categories":[53,79],"tags":[],"class_list":["post-63463","post","type-post","status-publish","format-standard","hentry","category-algerie","category-culture"],"_links":{"self":[{"href":"https:\/\/linitiative.ca\/International\/wp-json\/wp\/v2\/posts\/63463","targetHints":{"allow":["GET"]}}],"collection":[{"href":"https:\/\/linitiative.ca\/International\/wp-json\/wp\/v2\/posts"}],"about":[{"href":"https:\/\/linitiative.ca\/International\/wp-json\/wp\/v2\/types\/post"}],"author":[{"embeddable":true,"href":"https:\/\/linitiative.ca\/International\/wp-json\/wp\/v2\/users\/1790"}],"replies":[{"embeddable":true,"href":"https:\/\/linitiative.ca\/International\/wp-json\/wp\/v2\/comments?post=63463"}],"version-history":[{"count":0,"href":"https:\/\/linitiative.ca\/International\/wp-json\/wp\/v2\/posts\/63463\/revisions"}],"wp:attachment":[{"href":"https:\/\/linitiative.ca\/International\/wp-json\/wp\/v2\/media?parent=63463"}],"wp:term":[{"taxonomy":"category","embeddable":true,"href":"https:\/\/linitiative.ca\/International\/wp-json\/wp\/v2\/categories?post=63463"},{"taxonomy":"post_tag","embeddable":true,"href":"https:\/\/linitiative.ca\/International\/wp-json\/wp\/v2\/tags?post=63463"}],"curies":[{"name":"wp","href":"https:\/\/api.w.org\/{rel}","templated":true}]}}