{"id":63464,"date":"2019-10-06T13:04:39","date_gmt":"2019-10-06T17:04:39","guid":{"rendered":"https:\/\/linitiative.ca\/International\/programme-inter-lycees-coup-denvoi-a-la-radio-et-a-la-television\/"},"modified":"2019-10-06T13:04:39","modified_gmt":"2019-10-06T17:04:39","slug":"programme-inter-lycees-coup-denvoi-a-la-radio-et-a-la-television","status":"publish","type":"post","link":"https:\/\/linitiative.ca\/International\/programme-inter-lycees-coup-denvoi-a-la-radio-et-a-la-television\/","title":{"rendered":"Programme \u00ab\u00a0Inter-Lyc\u00e9es\u00a0\u00bb: coup d&rsquo;envoi \u00e0 la Radio et \u00e0 la T\u00e9l\u00e9vision"},"content":{"rendered":"<div readability=\"37\">\n<p><strong>ALGER &#8211; Le coup d&rsquo;envoi de la 5e \u00e9dition du programme p\u00e9dagogique \u00ab\u00a0Inter-lyc\u00e9es\u00a0\u00bb, donn\u00e9 samedi pour la premi\u00e8re fois au niveau de la Radio et de la T\u00e9l\u00e9vision alg\u00e9riennes, a \u00e9t\u00e9 marqu\u00e9 par la signature d&rsquo;une convention entre les deux \u00e9tablissements m\u00e9diatiques pour accompagner conjointement ce programme culturel et \u00e9ducatif.<\/strong><\/p>\n<\/div>\n<div readability=\"84.5427298501\">\n<p>La c\u00e9r\u00e9monie de lancement de cette 5e \u00e9dition d'\u00a0\u00bbInter-Lyc\u00e9es\u00a0\u00bb a \u00e9t\u00e9 pr\u00e9sid\u00e9e par le ministre de la Communication, porte-parole du Gouvernement et ministre de la Culture par int\u00e9rim, Hassan Rabehi, le ministre de l&rsquo;Education nationale, Abdelhakim Belabed, et le ministre de la Jeunesse et des Sports, Raouf Salim Bernaoui.<\/p>\n<p>Dans une allocution \u00e0 cette occasion, <em><strong>M. Rabehi a appel\u00e9 les parties en charge d'\u00a0\u00bbInter-Lyc\u00e9es\u00a0\u00bb<\/strong><\/em>, le minist\u00e8re de l&rsquo;Education nationale en t\u00eate, <em><strong>\u00e0 perp\u00e9tuer ce programme \u00e9ducatif et culturel et \u00e0 faire rayonner les nobles valeurs scientifiques, intellectuelles et morales qu&rsquo;il v\u00e9hicule, se f\u00e9licitant de l&rsquo;initiative d&rsquo;accompagnement conjoint par la Radio et la T\u00e9l\u00e9vision alg\u00e9riennes de ce programme marqu\u00e9 cette ann\u00e9e par sa diffusion \u00e0 la radio et \u00e0 la t\u00e9l\u00e9vision alors qu&rsquo;il \u00e9tait limit\u00e9 \u00e0 la radio lors des quatre pr\u00e9c\u00e9dentes \u00e9ditions.<\/strong><\/em><\/p>\n<blockquote readability=\"9\">\n<p><em><strong>La relance de ce programme qui r\u00e9unit des \u00e9l\u00e8ves de toutes les r\u00e9gions du pays, ainsi que les cadets de la nation du minist\u00e8re de la D\u00e9fense nationale est \u00e0 m\u00eame d'\u00a0\u00bbinsuffler une nouvelle dynamique d&rsquo;\u00e9mulation scientifique entre les \u00e9l\u00e8ves\u00a0\u00bb, a-t-il estim\u00e9.<\/strong><\/em><\/p>\n<\/blockquote>\n<p>Il permettra de relancer les activit\u00e9s qui \u00e9taient organis\u00e9es sous forme de comp\u00e9titions sportives et artistiques (th\u00e9\u00e2tre, musique, etc.) dans les \u00e9coles et les lyc\u00e9es \u00e0 travers le territoire national, a-t-il ajout\u00e9.<\/p>\n<hr\/>\n<h3>Lire aussi:\u00a0<a href=\"http:\/\/www.aps.dz\/sante-science-technologie\/89591-les-laureats-de-la-4e-edition-du-programme-inter-lycees-honores\" target=\"_blank\" rel=\"noopener noreferrer\">Les laur\u00e9ats de la 4e \u00e9dition du programme inter-lyc\u00e9es honor\u00e9s<\/a><\/h3>\n<hr\/>\n<p>Pour le Porte-parole du Gouvernement, la p\u00e9rennit\u00e9 de ce programme \u00ab\u00a0proc\u00e8de de son caract\u00e8re exceptionnel et singulier qui favorise l&rsquo;\u00e9mulation intellectuelle et scientifique, toutes disciplines confondues\u00a0\u00bb.<\/p>\n<p>Selon le ministre, la comp\u00e9tition s&rsquo;annonce rude avec la pr\u00e9sence des <strong><a href=\"\/Ga%C3%AFd%20Salah%20f%C3%A9licite%20l'Ecole%20des%20Cadets%20de%20la%20Nation%20de%20S%C3%A9tif%20vainqueur%20de%20la%20Comp%C3%A9tition%20\"Inter-Lyc%C3%A9es\"\" target=\"_blank\" rel=\"noopener noreferrer\">Ecoles des cadets de la nation<\/a><\/strong>, dont les \u00e9l\u00e8ves ont d\u00e9montr\u00e9 leur niveau d&rsquo;excellence, d&rsquo;autant que l&rsquo;institution de l&rsquo;Arm\u00e9e nationale populaire (ANP) y veille, a-t-il dit.<\/p>\n<p>Pour sa part, l<em><strong>e ministre de l&rsquo;Education nationale a affirm\u00e9 que ce programme<\/strong><\/em> qui refl\u00e8te la \u00ab\u00a0coordination sectorielle\u00a0\u00bb <em><strong>permet d&rsquo;accompagner les \u00e9l\u00e8ves qui s&rsquo;appr\u00eatent \u00e0 passer leur baccalaur\u00e9at, les appelants \u00e0 la pers\u00e9v\u00e9rance<\/strong><\/em>.<\/p>\n<p>Selon lui, ce programme \u00e9ducatif et culturel, auquel participent 45 \u00e9tablissements des diff\u00e9rentes wilayas du pays ainsi que les Ecoles des cadets de la nation et le Lyc\u00e9e des math\u00e9matiques, repr\u00e9sente un moyen p\u00e9dagogique d&rsquo;\u00e9valuation des connaissances et des acquis scientifiques.<\/p>\n<\/div>\n<p>Auteur:<br \/>\n<a href=\"http:\/\/www.aps.dz\/culture\/95256-programme-pedagogique-inter-lycees-coup-d-envoi-a-la-radio-et-a-la-television\">Cliquez ici pour lire l&rsquo;article depuis sa source.<\/a><\/p>\n","protected":false},"excerpt":{"rendered":"<p>ALGER &#8211; Le coup d&rsquo;envoi de la 5e \u00e9dition du programme p\u00e9dagogique \u00ab\u00a0Inter-lyc\u00e9es\u00a0\u00bb, donn\u00e9 samedi pour la premi\u00e8re fois au niveau de la Radio et de la T\u00e9l\u00e9vision alg\u00e9riennes, a \u00e9t\u00e9 marqu\u00e9 par la signature d&rsquo;une convention entre les deux \u00e9tablissements m\u00e9diatiques pour accompagner conjointement ce programme culturel et \u00e9ducatif. La c\u00e9r\u00e9monie de lancement de [&hellip;]<\/p>\n","protected":false},"author":1790,"featured_media":0,"comment_status":"closed","ping_status":"closed","sticky":false,"template":"","format":"standard","meta":{"fifu_image_url":"","fifu_image_alt":"","footnotes":""},"categories":[53,79],"tags":[],"class_list":["post-63464","post","type-post","status-publish","format-standard","hentry","category-algerie","category-culture"],"_links":{"self":[{"href":"https:\/\/linitiative.ca\/International\/wp-json\/wp\/v2\/posts\/63464","targetHints":{"allow":["GET"]}}],"collection":[{"href":"https:\/\/linitiative.ca\/International\/wp-json\/wp\/v2\/posts"}],"about":[{"href":"https:\/\/linitiative.ca\/International\/wp-json\/wp\/v2\/types\/post"}],"author":[{"embeddable":true,"href":"https:\/\/linitiative.ca\/International\/wp-json\/wp\/v2\/users\/1790"}],"replies":[{"embeddable":true,"href":"https:\/\/linitiative.ca\/International\/wp-json\/wp\/v2\/comments?post=63464"}],"version-history":[{"count":0,"href":"https:\/\/linitiative.ca\/International\/wp-json\/wp\/v2\/posts\/63464\/revisions"}],"wp:attachment":[{"href":"https:\/\/linitiative.ca\/International\/wp-json\/wp\/v2\/media?parent=63464"}],"wp:term":[{"taxonomy":"category","embeddable":true,"href":"https:\/\/linitiative.ca\/International\/wp-json\/wp\/v2\/categories?post=63464"},{"taxonomy":"post_tag","embeddable":true,"href":"https:\/\/linitiative.ca\/International\/wp-json\/wp\/v2\/tags?post=63464"}],"curies":[{"name":"wp","href":"https:\/\/api.w.org\/{rel}","templated":true}]}}