{"id":63466,"date":"2019-10-06T13:04:44","date_gmt":"2019-10-06T17:04:44","guid":{"rendered":"https:\/\/linitiative.ca\/International\/ouverture-officielle-de-la-nouvelle-annee-scolaire-des-etablissements-culturels-et-artistiques\/"},"modified":"2019-10-06T13:04:44","modified_gmt":"2019-10-06T17:04:44","slug":"ouverture-officielle-de-la-nouvelle-annee-scolaire-des-etablissements-culturels-et-artistiques","status":"publish","type":"post","link":"https:\/\/linitiative.ca\/International\/ouverture-officielle-de-la-nouvelle-annee-scolaire-des-etablissements-culturels-et-artistiques\/","title":{"rendered":"Ouverture officielle de la nouvelle ann\u00e9e scolaire des \u00e9tablissements culturels et artistiques"},"content":{"rendered":"<div readability=\"39\">\n<p><strong>ALGER- Le ministre de la Communication, Porte-parole du Gouvernement et ministre de la Culture par int\u00e9rim, Hassen Rabehi a pr\u00e9sid\u00e9, dimanche \u00e0 Alger, l&rsquo;ouverture de l&rsquo;ann\u00e9e scolaire 2019-2020 des \u00e9tablissements de formation artistique et culturelle, en pr\u00e9sence de membres du Gouvernement.<\/strong><\/p>\n<\/div>\n<div readability=\"68\">\n<p>Dans une allocution prononc\u00e9e devant les \u00e9tudiants au Palais de la culture Moufdi Zakaria, le ministre a rappel\u00e9 que 416 \u00e9tudiants ont rejoints les \u00e9tablissements de formation artistique et culturelle, tous cycles etsp\u00e9cialit\u00e9s confondus, pr\u00e9cisant que toutes les conditions p\u00e9dagogiques sont r\u00e9unies pour accueillir les nouveaux \u00e9tudiants.<\/p>\n<blockquote readability=\"11\">\n<p><em><strong>M.Rabehi d&rsquo;est f\u00e9licit\u00e9 \u00ab\u00a0des efforts consentis\u00a0\u00bb pour am\u00e9liorer la qualit\u00e9 des programmes p\u00e9dagogiques, notamment \u00e0 travers l&rsquo;introduction du syst\u00e8me Licence-Master-Doctorat (LMD) et sa g\u00e9n\u00e9ralisation \u00e0 tous les domaines de formation, \u00e0 l&rsquo;instar de la musicologie, des beaux-arts et du patrimoine culturel.<\/strong><\/em><\/p>\n<\/blockquote>\n<p>Le ministre a annonc\u00e9 l&rsquo;ouverture des inscriptions pour le Master en patrimoine \u00e0 l&rsquo;Ecole nationale de conservation et restauration des biens culturels (ENCRBC), qui aura \u00e0 partir de cette ann\u00e9e un nouveau si\u00e8ge \u00e0 Tipasa.<\/p>\n<p>M.Rabehi a rappel\u00e9 les accords de partenariat entre les \u00e9coles de formation culturelle et artistique et leurs homologues de plusieurs pays \u00e9trangers, des accords qui permettent \u00ab\u00a0un \u00e9change d&rsquo;exp\u00e9riences et la production d&rsquo;oeuvres communes\u00a0\u00bb.<\/p>\n<p>Ont assist\u00e9 \u00e0 l&rsquo;ouverture de la nouvelle ann\u00e9e scolaire, le ministre de l&rsquo;Education nationale, Abdehakim Belabed, le ministre de l&rsquo;Enseignement sup\u00e9rieur et de la recherche scientifique, Tayeb Bouzid, des directeurs d&rsquo;instituts de formation culturelle et artistique ainsi que des cadres du secteur de la culture.<\/p>\n<p>La rentr\u00e9e scolaire de cette ann\u00e9e concerne l&rsquo;ENCRBC, l&rsquo;Ecole sup\u00e9rieure des Beaux arts (ESBA), l&rsquo;Institut national sup\u00e9rieur de musique (INSM) et l&rsquo;Institut sup\u00e9rieur des m\u00e9tiers des arts du spectacle (ISMAS).<\/p>\n<p><strong>\u00a0<\/strong><\/p>\n<\/div>\n<p>Auteur:<br \/>\n<a href=\"http:\/\/www.aps.dz\/culture\/95287-ouverture-officielle-de-la-nouvelle-annee-scolaire-des-etablissements-de-formation-artistique-et-culturelle\">Cliquez ici pour lire l&rsquo;article depuis sa source.<\/a><\/p>\n","protected":false},"excerpt":{"rendered":"<p>ALGER- Le ministre de la Communication, Porte-parole du Gouvernement et ministre de la Culture par int\u00e9rim, Hassen Rabehi a pr\u00e9sid\u00e9, dimanche \u00e0 Alger, l&rsquo;ouverture de l&rsquo;ann\u00e9e scolaire 2019-2020 des \u00e9tablissements de formation artistique et culturelle, en pr\u00e9sence de membres du Gouvernement. Dans une allocution prononc\u00e9e devant les \u00e9tudiants au Palais de la culture Moufdi Zakaria, [&hellip;]<\/p>\n","protected":false},"author":1790,"featured_media":0,"comment_status":"closed","ping_status":"closed","sticky":false,"template":"","format":"standard","meta":{"fifu_image_url":"","fifu_image_alt":"","footnotes":""},"categories":[53,79],"tags":[],"class_list":["post-63466","post","type-post","status-publish","format-standard","hentry","category-algerie","category-culture"],"_links":{"self":[{"href":"https:\/\/linitiative.ca\/International\/wp-json\/wp\/v2\/posts\/63466","targetHints":{"allow":["GET"]}}],"collection":[{"href":"https:\/\/linitiative.ca\/International\/wp-json\/wp\/v2\/posts"}],"about":[{"href":"https:\/\/linitiative.ca\/International\/wp-json\/wp\/v2\/types\/post"}],"author":[{"embeddable":true,"href":"https:\/\/linitiative.ca\/International\/wp-json\/wp\/v2\/users\/1790"}],"replies":[{"embeddable":true,"href":"https:\/\/linitiative.ca\/International\/wp-json\/wp\/v2\/comments?post=63466"}],"version-history":[{"count":0,"href":"https:\/\/linitiative.ca\/International\/wp-json\/wp\/v2\/posts\/63466\/revisions"}],"wp:attachment":[{"href":"https:\/\/linitiative.ca\/International\/wp-json\/wp\/v2\/media?parent=63466"}],"wp:term":[{"taxonomy":"category","embeddable":true,"href":"https:\/\/linitiative.ca\/International\/wp-json\/wp\/v2\/categories?post=63466"},{"taxonomy":"post_tag","embeddable":true,"href":"https:\/\/linitiative.ca\/International\/wp-json\/wp\/v2\/tags?post=63466"}],"curies":[{"name":"wp","href":"https:\/\/api.w.org\/{rel}","templated":true}]}}