{"id":63469,"date":"2019-10-06T10:19:00","date_gmt":"2019-10-06T14:19:00","guid":{"rendered":"https:\/\/linitiative.ca\/International\/un-mort-et-8-blesses-suite-a-leffondrement-du-mur-dun-college\/"},"modified":"2019-10-06T10:19:00","modified_gmt":"2019-10-06T14:19:00","slug":"un-mort-et-8-blesses-suite-a-leffondrement-du-mur-dun-college","status":"publish","type":"post","link":"https:\/\/linitiative.ca\/International\/un-mort-et-8-blesses-suite-a-leffondrement-du-mur-dun-college\/","title":{"rendered":"Un mort et 8 bless\u00e9s suite \u00e0 l\u2019effondrement du mur d\u2019un coll\u00e8ge"},"content":{"rendered":"<div id=\"originalText\" readability=\"48\">\n<p>Un \u00e9l\u00e8ve de premi\u00e8re ann\u00e9e moyenne a trouv\u00e9 la mort,\u00a0\u00a0ce dimanche, suite \u00e0 l\u2019effondrement d\u2019un mur du coll\u00e8ge d\u2019enseignement\u00a0\u00a0moyen Zermani Ali, de la commune de Bou\u00e2ndas, \u00e0 l\u2019extr\u00eame nord de la wilaya de S\u00e9tif, a appris l\u2019APS des services de la direction de wilaya de l\u2019\u00e9ducation.<\/p>\n<p>L\u2019accident a eu lieu vers 10 heures du matin, au moment de la r\u00e9cr\u00e9ation, lorsqu\u2019un des murs des sanitaires o\u00f9 se trouvait la victime s\u2019est effondr\u00e9 causant sa mort, et faisant huit bless\u00e9s, selon les premiers \u00e9l\u00e9ments d\u2019informations.<\/p>\n<p class=\"c10\"><strong>R\u00e9daction Web<\/strong><\/p>\n<\/div>\n<div id=\"text_core\" readability=\"48\">\n<p>Un \u00e9l\u00e8ve de premi\u00e8re ann\u00e9e moyenne a trouv\u00e9 la mort,\u00a0\u00a0ce dimanche, suite \u00e0 l\u2019effondrement d\u2019un mur du coll\u00e8ge d\u2019enseignement\u00a0\u00a0moyen Zermani Ali, de la commune de Bou\u00e2ndas, \u00e0 l\u2019extr\u00eame nord de la wilaya de S\u00e9tif, a appris l\u2019APS des services de la direction de wilaya de l\u2019\u00e9ducation.<\/p>\n<p>L\u2019accident a eu lieu vers 10 heures du matin, au moment de la r\u00e9cr\u00e9ation, lorsqu\u2019un des murs des sanitaires o\u00f9 se trouvait la victime s\u2019est effondr\u00e9 causant sa mort, et faisant huit bless\u00e9s, selon les premiers \u00e9l\u00e9ments d\u2019informations.<\/p>\n<p class=\"c10\"><strong>R\u00e9daction Web<\/strong><\/p>\n<\/div>\n<p>Auteur:<br \/>\n<a href=\"https:\/\/www.liberte-algerie.com\/actualite\/un-mort-et-8-blesses-suite-a-leffondrement-du-mur-dun-college-325409\">Cliquez ici pour lire l&rsquo;article depuis sa source.<\/a><\/p>\n","protected":false},"excerpt":{"rendered":"<p>Un \u00e9l\u00e8ve de premi\u00e8re ann\u00e9e moyenne a trouv\u00e9 la mort,\u00a0\u00a0ce dimanche, suite \u00e0 l\u2019effondrement d\u2019un mur du coll\u00e8ge d\u2019enseignement\u00a0\u00a0moyen Zermani Ali, de la commune de Bou\u00e2ndas, \u00e0 l\u2019extr\u00eame nord de la wilaya de S\u00e9tif, a appris l\u2019APS des services de la direction de wilaya de l\u2019\u00e9ducation. L\u2019accident a eu lieu vers 10 heures du matin, [&hellip;]<\/p>\n","protected":false},"author":1742,"featured_media":0,"comment_status":"closed","ping_status":"closed","sticky":false,"template":"","format":"standard","meta":{"fifu_image_url":"","fifu_image_alt":"","footnotes":""},"categories":[73,53],"tags":[],"class_list":["post-63469","post","type-post","status-publish","format-standard","hentry","category-actualite","category-algerie"],"_links":{"self":[{"href":"https:\/\/linitiative.ca\/International\/wp-json\/wp\/v2\/posts\/63469","targetHints":{"allow":["GET"]}}],"collection":[{"href":"https:\/\/linitiative.ca\/International\/wp-json\/wp\/v2\/posts"}],"about":[{"href":"https:\/\/linitiative.ca\/International\/wp-json\/wp\/v2\/types\/post"}],"author":[{"embeddable":true,"href":"https:\/\/linitiative.ca\/International\/wp-json\/wp\/v2\/users\/1742"}],"replies":[{"embeddable":true,"href":"https:\/\/linitiative.ca\/International\/wp-json\/wp\/v2\/comments?post=63469"}],"version-history":[{"count":0,"href":"https:\/\/linitiative.ca\/International\/wp-json\/wp\/v2\/posts\/63469\/revisions"}],"wp:attachment":[{"href":"https:\/\/linitiative.ca\/International\/wp-json\/wp\/v2\/media?parent=63469"}],"wp:term":[{"taxonomy":"category","embeddable":true,"href":"https:\/\/linitiative.ca\/International\/wp-json\/wp\/v2\/categories?post=63469"},{"taxonomy":"post_tag","embeddable":true,"href":"https:\/\/linitiative.ca\/International\/wp-json\/wp\/v2\/tags?post=63469"}],"curies":[{"name":"wp","href":"https:\/\/api.w.org\/{rel}","templated":true}]}}