{"id":63472,"date":"2019-10-05T16:18:17","date_gmt":"2019-10-05T20:18:17","guid":{"rendered":"https:\/\/linitiative.ca\/International\/entretiens-parlementaires-maroco-irlandais\/"},"modified":"2019-10-05T16:18:17","modified_gmt":"2019-10-05T20:18:17","slug":"entretiens-parlementaires-maroco-irlandais","status":"publish","type":"post","link":"https:\/\/linitiative.ca\/International\/entretiens-parlementaires-maroco-irlandais\/","title":{"rendered":"Entretiens parlementaires maroco-irlandais"},"content":{"rendered":"<div readability=\"40\">\n<p>Marrakech- Les moyens de promouvoir la coop\u00e9ration bilat\u00e9rale et parlementaire ont \u00e9t\u00e9, samedi \u00e0 Marrakech, au centre d\u2019entretiens entre le premier vice-pr\u00e9sident de la Chambre des Conseillers, Abdessamad Kayouh, et des parlementaires irlandais, membres du groupe d\u2019amiti\u00e9 parlementaire maroco-irlandais.<\/p>\n<\/div>\n<div readability=\"128\">\n<p>Dans une d\u00e9claration \u00e0 la MAP \u00e0 l\u2019issue de ces entretiens, M. Kayouh a soulign\u00e9 l\u2019importance de cette rencontre avec la d\u00e9l\u00e9gation parlementaire irlandaise, qui intervient en marge de la session d\u2019automne de la 18\u00e8me Assembl\u00e9e parlementaire de l\u2019Organisation pour la S\u00e9curit\u00e9 et la Coop\u00e9ration en Europe (AP-OSCE), dont les travaux se d\u00e9roulent dans la cit\u00e9 ocre, avec \u00e0 l\u2019ordre du jour plusieurs questions d\u2019actualit\u00e9 br\u00fblante, telles que les changements climatiques, la s\u00e9curit\u00e9, la migration et la lutte contre le terrorisme.<\/p>\n<p>Cette session d\u2019automne, a-t-il ajout\u00e9, a offert l\u2019occasion pour s\u2019entretenir avec plusieurs groupes d\u2019amiti\u00e9 parlementaire, dont le groupe d\u2019amiti\u00e9 parlementaire maroco-irlandais.<\/p>\n<p>Dans ce cadre, il a indiqu\u00e9 que l\u2019ouverture prochaine par l\u2019Irlande d\u2019une ambassade \u00e0 Rabat va constituer \u00ab\u00a0un signal fort\u00a0\u00bb pour le raffermissement des relations entre les deux pays, notamment sur le plan parlementaire, \u00e0 travers la visite de parlementaires irlandais au Maroc et la programmation d\u2019un d\u00e9placement dans les provinces du Sud pour leur permettre de s\u2019enqu\u00e9rir et de s\u2019informer du d\u00e9veloppement tous azimuts que conna\u00eet cette partie du Royaume aussi bien sur le plan socio-\u00e9conomique que culturel.<\/p>\n<p>Cette prochaine visite permettra aux parlementaires irlandais de constater de visu le progr\u00e8s r\u00e9alis\u00e9 dans les provinces du Sud et d\u2019avoir une id\u00e9e r\u00e9elle de la situation sur le terrain dans cette partie du territoire national qu\u2019ils transmettront \u00e0 leur institution parlementaire et ce, pour mettre en \u00e9chec les contrev\u00e9rit\u00e9s fallacieuses v\u00e9hicul\u00e9es par les adversaires de l\u2019int\u00e9grit\u00e9 territoriale du Royaume.<\/p>\n<p>De son c\u00f4t\u00e9, le pr\u00e9sident de la d\u00e9l\u00e9gation parlementaire irlandaise participante \u00e0 la session d\u2019automne de la 18\u00e8 AP-OSCE et membre du groupe d\u2019amiti\u00e9 parlementaire maroco-irlandais, Alan Farrell, a soulign\u00e9 que cette rencontre visait \u00e0 renforcer les relations d\u2019amiti\u00e9 entre les deux institutions parlementaires et \u00e0 consolider davantage les liens entre le Maroc et l\u2019Irlande.<\/p>\n<p>M. Farrell a pr\u00e9cis\u00e9 que les discussions entre les parlementaires marocains et irlandais ont \u00e9t\u00e9 mutuellement b\u00e9n\u00e9fiques, relevant que l\u2019ouverture d\u2019une ambassade de son pays \u00e0 Rabat sera une opportunit\u00e9 tr\u00e8s importante pour raffermir les relations entre les deux pays et explorer les opportunit\u00e9s de coop\u00e9ration qui soient mutuellement avantageuses.<\/p>\n<p>M. Farrell a aussi mis en exergue l\u2019importance de la session d\u2019automne de l\u2019AP-OSCE, qui se tient pour la premi\u00e8re fois hors de l\u2019espace g\u00e9ographique de l\u2019Organisation europ\u00e9enne, ainsi que des questions d\u00e9battues par les parlementaires participants, notamment les changements climatiques et la migration, en vue d\u2019aboutir \u00e0 des approches plus globales pour appr\u00e9hender ces probl\u00e9matiques.<\/p>\n<p>Pour sa part, Moulay Ibrahim Chrif, pr\u00e9sident du groupe d\u2019amiti\u00e9 parlementaire maroco-irlandais, a indiqu\u00e9 que cette rencontre avec des parlementaires irlandais, membres du groupe d\u2019amiti\u00e9, a \u00e9t\u00e9 l\u2019occasion de mettre en avant les grandes r\u00e9formes engag\u00e9es au Maroc sous le leadership \u00e9clair\u00e9 de SM le Roi Mohammed VI ainsi que leurs impacts positifs sur tous les plans notamment \u00e9conomique, social, commercial et culturel.<\/p>\n<p>Cette rencontre a offert aussi l\u2019occasion de discuter des diff\u00e9rents champs de coop\u00e9ration (\u00e9conomique, commerciale, culturelle\u2026) et de jeter \u00e9galement la lumi\u00e8re sur la question de la cause nationale et l\u2019initiative marocaine d\u2019autonomie, qui constitue l\u2019unique solution possible pour le r\u00e8glement du diff\u00e9rend artificiel autour de la marocanit\u00e9 du Sahara.<\/p>\n<p>Par ailleurs, des membres de la d\u00e9l\u00e9gation parlementaire hollandaise prenant part aux travaux de la session d\u2019automne de l\u2019AP-OSCE, ont eu des entretiens avec MM. Mohamed El Bakouri et Abdelkrim El Hamss, membres de la section de la Chambre des Conseillers au sein de l\u2019OSCE.<\/p>\n<p>Lors de cette entrevue, les deux parties ont \u00e9voqu\u00e9 les relations parlementaires maroco-hollandaises et examin\u00e9 plusieurs dossiers \u00e0 m\u00eame de renforcer la coop\u00e9ration entre les deux pays, notamment dans le domaine \u00e9conomique, en mati\u00e8re de s\u00e9curit\u00e9 et de migration.<\/p>\n<p>Elles se sont, dans ce sens, attard\u00e9es sur la question de l\u2019immigration ill\u00e9gale et convenu d\u2019intensifier les rencontres bilat\u00e9rales, dans le cadre d\u2019une commission conjointe, en vue de mettre en place un plan d\u2019action et de proposer des id\u00e9es concr\u00e8tes pour parvenir \u00e0 des solutions satisfaisantes relatives \u00e0 la question des immigrants ill\u00e9gaux marocains.<\/p>\n<\/div>\n<p>Auteur: Mohammed KOURSI<br \/>\n<a href=\"http:\/\/www.mapmarrakech.ma\/fr\/entretiens-parlementaires-maroco-irlandais\/\">Cliquez ici pour lire l&rsquo;article depuis sa source.<\/a><\/p>\n","protected":false},"excerpt":{"rendered":"<p>Marrakech- Les moyens de promouvoir la coop\u00e9ration bilat\u00e9rale et parlementaire ont \u00e9t\u00e9, samedi \u00e0 Marrakech, au centre d\u2019entretiens entre le premier vice-pr\u00e9sident de la Chambre des Conseillers, Abdessamad Kayouh, et des parlementaires irlandais, membres du groupe d\u2019amiti\u00e9 parlementaire maroco-irlandais. Dans une d\u00e9claration \u00e0 la MAP \u00e0 l\u2019issue de ces entretiens, M. Kayouh a soulign\u00e9 l\u2019importance [&hellip;]<\/p>\n","protected":false},"author":1788,"featured_media":0,"comment_status":"closed","ping_status":"closed","sticky":false,"template":"","format":"standard","meta":{"fifu_image_url":"","fifu_image_alt":"","footnotes":""},"categories":[54,76],"tags":[],"class_list":["post-63472","post","type-post","status-publish","format-standard","hentry","category-maroc","category-regions"],"_links":{"self":[{"href":"https:\/\/linitiative.ca\/International\/wp-json\/wp\/v2\/posts\/63472","targetHints":{"allow":["GET"]}}],"collection":[{"href":"https:\/\/linitiative.ca\/International\/wp-json\/wp\/v2\/posts"}],"about":[{"href":"https:\/\/linitiative.ca\/International\/wp-json\/wp\/v2\/types\/post"}],"author":[{"embeddable":true,"href":"https:\/\/linitiative.ca\/International\/wp-json\/wp\/v2\/users\/1788"}],"replies":[{"embeddable":true,"href":"https:\/\/linitiative.ca\/International\/wp-json\/wp\/v2\/comments?post=63472"}],"version-history":[{"count":0,"href":"https:\/\/linitiative.ca\/International\/wp-json\/wp\/v2\/posts\/63472\/revisions"}],"wp:attachment":[{"href":"https:\/\/linitiative.ca\/International\/wp-json\/wp\/v2\/media?parent=63472"}],"wp:term":[{"taxonomy":"category","embeddable":true,"href":"https:\/\/linitiative.ca\/International\/wp-json\/wp\/v2\/categories?post=63472"},{"taxonomy":"post_tag","embeddable":true,"href":"https:\/\/linitiative.ca\/International\/wp-json\/wp\/v2\/tags?post=63472"}],"curies":[{"name":"wp","href":"https:\/\/api.w.org\/{rel}","templated":true}]}}