{"id":63476,"date":"2019-10-06T07:45:56","date_gmt":"2019-10-06T11:45:56","guid":{"rendered":"https:\/\/linitiative.ca\/International\/ap-osce-appel-a-un-mecanisme-mediterraneen-de-cooperation\/"},"modified":"2019-10-06T07:45:56","modified_gmt":"2019-10-06T11:45:56","slug":"ap-osce-appel-a-un-mecanisme-mediterraneen-de-cooperation","status":"publish","type":"post","link":"https:\/\/linitiative.ca\/International\/ap-osce-appel-a-un-mecanisme-mediterraneen-de-cooperation\/","title":{"rendered":"AP-OSCE: Appel \u00e0 un m\u00e9canisme m\u00e9diterran\u00e9en de coop\u00e9ration"},"content":{"rendered":"<p><iframe loading=\"lazy\" width=\"1170\" height=\"658\" src=\"https:\/\/www.youtube.com\/embed\/xB97nRk7uVY?feature=oembed\" frameborder=\"0\" allow=\"accelerometer; autoplay; encrypted-media; gyroscope; picture-in-picture\" allowfullscreen=\"\">[embedded content]<\/iframe><\/p>\n<div class=\"single-post-excerpt post-excerpt-bc\" readability=\"38\">\n<p>Le pr\u00e9sident de la Chambre des conseillers, Hakim Benchamach a plaid\u00e9, vendredi \u00e0 Marrakech, en faveur de la mise en place d\u2019un \u00ab m\u00e9canisme parlementaire m\u00e9diterran\u00e9en de coop\u00e9ration pour le bien-\u00eatre \u00e9conomique \u00bb en tant qu\u2019espace de discussion et de r\u00e9flexion en soutien \u00e0 la coop\u00e9ration entre les deux rives de la M\u00e9diterran\u00e9e.<\/p>\n<\/div>\n<p>Auteur: Mohammed KOURSI<br \/>\n<a href=\"http:\/\/www.mapmarrakech.ma\/fr\/ap-osce-appel-a-un-mecanisme-mediterraneen-de-cooperation\/\">Cliquez ici pour lire l&rsquo;article depuis sa source.<\/a><\/p>\n","protected":false},"excerpt":{"rendered":"<p>[embedded content] Le pr\u00e9sident de la Chambre des conseillers, Hakim Benchamach a plaid\u00e9, vendredi \u00e0 Marrakech, en faveur de la mise en place d\u2019un \u00ab m\u00e9canisme parlementaire m\u00e9diterran\u00e9en de coop\u00e9ration pour le bien-\u00eatre \u00e9conomique \u00bb en tant qu\u2019espace de discussion et de r\u00e9flexion en soutien \u00e0 la coop\u00e9ration entre les deux rives de la M\u00e9diterran\u00e9e. [&hellip;]<\/p>\n","protected":false},"author":1788,"featured_media":0,"comment_status":"closed","ping_status":"closed","sticky":false,"template":"","format":"standard","meta":{"fifu_image_url":"","fifu_image_alt":"","footnotes":""},"categories":[54,76],"tags":[],"class_list":["post-63476","post","type-post","status-publish","format-standard","hentry","category-maroc","category-regions"],"_links":{"self":[{"href":"https:\/\/linitiative.ca\/International\/wp-json\/wp\/v2\/posts\/63476","targetHints":{"allow":["GET"]}}],"collection":[{"href":"https:\/\/linitiative.ca\/International\/wp-json\/wp\/v2\/posts"}],"about":[{"href":"https:\/\/linitiative.ca\/International\/wp-json\/wp\/v2\/types\/post"}],"author":[{"embeddable":true,"href":"https:\/\/linitiative.ca\/International\/wp-json\/wp\/v2\/users\/1788"}],"replies":[{"embeddable":true,"href":"https:\/\/linitiative.ca\/International\/wp-json\/wp\/v2\/comments?post=63476"}],"version-history":[{"count":0,"href":"https:\/\/linitiative.ca\/International\/wp-json\/wp\/v2\/posts\/63476\/revisions"}],"wp:attachment":[{"href":"https:\/\/linitiative.ca\/International\/wp-json\/wp\/v2\/media?parent=63476"}],"wp:term":[{"taxonomy":"category","embeddable":true,"href":"https:\/\/linitiative.ca\/International\/wp-json\/wp\/v2\/categories?post=63476"},{"taxonomy":"post_tag","embeddable":true,"href":"https:\/\/linitiative.ca\/International\/wp-json\/wp\/v2\/tags?post=63476"}],"curies":[{"name":"wp","href":"https:\/\/api.w.org\/{rel}","templated":true}]}}