{"id":63478,"date":"2019-10-05T14:25:27","date_gmt":"2019-10-05T18:25:27","guid":{"rendered":"https:\/\/linitiative.ca\/International\/extension-du-perimetre-irrigue-du-barrage-de-beni-slimane\/"},"modified":"2019-10-05T14:25:27","modified_gmt":"2019-10-05T18:25:27","slug":"extension-du-perimetre-irrigue-du-barrage-de-beni-slimane","status":"publish","type":"post","link":"https:\/\/linitiative.ca\/International\/extension-du-perimetre-irrigue-du-barrage-de-beni-slimane\/","title":{"rendered":"Extension du p\u00e9rim\u00e8tre irrigu\u00e9 du barrage de Beni-Slimane"},"content":{"rendered":"<p><span class=\"sp-nh-title\">La conf\u00e9rence de Vigo r\u00e9affirme sa solidarit\u00e9 avec le peuple sahraoui dans son combat pour l&rsquo;ind\u00e9pendance<\/span> &#8211; <span class=\"sp-nh-date\">dimanche 6 octobre 2019 18:56<\/span><\/p>\n<p><span class=\"sp-nh-title\">Tizi-Ouzou: ouverture du 4e salon national culturel immat\u00e9riel consacr\u00e9 \u00e0 Tajmaat<\/span> &#8211; <span class=\"sp-nh-date\">dimanche 6 octobre 2019 18:50<\/span><\/p>\n<p><span class=\"sp-nh-title\">Constantine: proposition d&rsquo;ouverture d&rsquo;un nouveau centre culturel de l&rsquo;Institut Cervant\u00e8s<\/span> &#8211; <span class=\"sp-nh-date\">dimanche 6 octobre 2019 18:40<\/span><\/p>\n<p><span class=\"sp-nh-title\">Sport : les m\u00e9daill\u00e9s alg\u00e9riens aux mondiaux d&rsquo;athl\u00e9tisme<\/span> &#8211; <span class=\"sp-nh-date\">dimanche 6 octobre 2019 18:35<\/span><\/p>\n<p><span class=\"sp-nh-title\">Athl\u00e9tisme\/Mondiaux-2019 : m\u00e9daille d&rsquo;argent pour Makhloufi sur 1500 m\u00e8tres<\/span> &#8211; <span class=\"sp-nh-date\">dimanche 6 octobre 2019 18:17<\/span><\/p>\n<p><span class=\"sp-nh-title\">Air Alg\u00e9rie renforce ses vols vers Tamanrasset et Djanet \u00e0 partir de novembre\u00a0<\/span> &#8211; <span class=\"sp-nh-date\">dimanche 6 octobre 2019 18:11<\/span><\/p>\n<p><span class=\"sp-nh-title\">Cour supr\u00eame: l&rsquo;ancien inspecteur g\u00e9n\u00e9ral du minist\u00e8re de la Justice plac\u00e9 en d\u00e9tention provisoire \u00a0<\/span> &#8211; <span class=\"sp-nh-date\">dimanche 6 octobre 2019 18:07<\/span><\/p>\n<p><span class=\"sp-nh-title\">Le Conseil national de l&rsquo;hygi\u00e8ne, de s\u00e9curit\u00e9 et de m\u00e9decine du travail et la commission nationale des maladies professionnelles install\u00e9s<\/span> &#8211; <span class=\"sp-nh-date\">dimanche 6 octobre 2019 17:56<\/span><\/p>\n<p><span class=\"sp-nh-title\">Le d\u00e9put\u00e9 Youcef Rahmania participe \u00e0 la surveillance des l\u00e9gislatives en Tunisie<\/span> &#8211; <span class=\"sp-nh-date\">dimanche 6 octobre 2019 17:50<\/span><\/p>\n<p><span class=\"sp-nh-title\">Tlemcen : sortie d\u2019une promotion de 66 \u00e9tudiants de l\u2019Institut panafricain de l\u2019eau, de l\u2019\u00e9nergie et du changement climatique<\/span> &#8211; <span class=\"sp-nh-date\">dimanche 6 octobre 2019 17:41<\/span><\/p>\n<p><span class=\"sp-nh-title\">L&rsquo;Alg\u00e9rie \u00e0 Gen\u00e8ve pour la 70\u00e8 session du Comit\u00e9 ex\u00e9cutif du programme de l&rsquo;UNHCR<\/span> &#8211; <span class=\"sp-nh-date\">dimanche 6 octobre 2019 17:38<\/span><\/p>\n<p><span class=\"sp-nh-title\">Liquidit\u00e9 bancaire: accroissement de 37% durant les huit premiers mois de 2019<\/span> &#8211; <span class=\"sp-nh-date\">dimanche 6 octobre 2019 17:20<\/span><\/p>\n<p><span class=\"sp-nh-title\">Belmehdi souligne la n\u00e9cessit\u00e9 de valoriser le r\u00e9f\u00e9rent religieux national<\/span> &#8211; <span class=\"sp-nh-date\">dimanche 6 octobre 2019 17:18<\/span><\/p>\n<p><span class=\"sp-nh-title\">L&rsquo;Alg\u00e9rie veut faire de l&rsquo;INCC un laboratoire africain d&rsquo;analyse des \u00e9chantillons<\/span> &#8211; <span class=\"sp-nh-date\">dimanche 6 octobre 2019 17:03<\/span><\/p>\n<p><span class=\"sp-nh-title\">Industrie pharmaceutique: l&rsquo;antihypertenseur Micardis sera produit en Alg\u00e9rie<\/span> &#8211; <span class=\"sp-nh-date\">dimanche 6 octobre 2019 16:51<\/span><\/p>\n<p><span class=\"sp-nh-title\">Cyclisme \/ Tour international d&rsquo;Iran (4e \u00e9tape): l&rsquo;Alg\u00e9rien Reguigui en 4e position<\/span> &#8211; <span class=\"sp-nh-date\">dimanche 6 octobre 2019 16:47<\/span><\/p>\n<p><span class=\"sp-nh-title\">Jijel : hospitalisation de 23 enfants atteints de m\u00e9ningite \u00a0<\/span> &#8211; <span class=\"sp-nh-date\">dimanche 6 octobre 2019 16:40<\/span><\/p>\n<p><span class=\"sp-nh-title\">Ouverture officielle de la nouvelle ann\u00e9e scolaire des \u00e9tablissements culturels et artistiques<\/span> &#8211; <span class=\"sp-nh-date\">dimanche 6 octobre 2019 16:29<\/span><\/p>\n<p><span class=\"sp-nh-title\">Pr\u00e9sidentielle du 12 d\u00e9cembre: fin de la r\u00e9vision exceptionnelle des listes \u00e9lectorales<\/span> &#8211; <span class=\"sp-nh-date\">dimanche 6 octobre 2019 16:28<\/span><\/p>\n<p><span class=\"sp-nh-title\">ANIE: Charfi supervise l&rsquo;installation des coordinateurs des d\u00e9l\u00e9gations des wilayas du Centre<\/span> &#8211; <span class=\"sp-nh-date\">dimanche 6 octobre 2019 16:25<\/span><\/p>\n<p>Auteur:<br \/>\n<a href=\"http:\/\/www.aps.dz\/regions\/95248-extension-du-perimetre-irrigue-du-barrage-de-beni-slimane\">Cliquez ici pour lire l&rsquo;article depuis sa source.<\/a><\/p>\n","protected":false},"excerpt":{"rendered":"<p>La conf\u00e9rence de Vigo r\u00e9affirme sa solidarit\u00e9 avec le peuple sahraoui dans son combat pour l&rsquo;ind\u00e9pendance &#8211; dimanche 6 octobre 2019 18:56 Tizi-Ouzou: ouverture du 4e salon national culturel immat\u00e9riel consacr\u00e9 \u00e0 Tajmaat &#8211; dimanche 6 octobre 2019 18:50 Constantine: proposition d&rsquo;ouverture d&rsquo;un nouveau centre culturel de l&rsquo;Institut Cervant\u00e8s &#8211; dimanche 6 octobre 2019 18:40 [&hellip;]<\/p>\n","protected":false},"author":1790,"featured_media":0,"comment_status":"closed","ping_status":"closed","sticky":false,"template":"","format":"standard","meta":{"fifu_image_url":"","fifu_image_alt":"","footnotes":""},"categories":[53,76],"tags":[],"class_list":["post-63478","post","type-post","status-publish","format-standard","hentry","category-algerie","category-regions"],"_links":{"self":[{"href":"https:\/\/linitiative.ca\/International\/wp-json\/wp\/v2\/posts\/63478","targetHints":{"allow":["GET"]}}],"collection":[{"href":"https:\/\/linitiative.ca\/International\/wp-json\/wp\/v2\/posts"}],"about":[{"href":"https:\/\/linitiative.ca\/International\/wp-json\/wp\/v2\/types\/post"}],"author":[{"embeddable":true,"href":"https:\/\/linitiative.ca\/International\/wp-json\/wp\/v2\/users\/1790"}],"replies":[{"embeddable":true,"href":"https:\/\/linitiative.ca\/International\/wp-json\/wp\/v2\/comments?post=63478"}],"version-history":[{"count":0,"href":"https:\/\/linitiative.ca\/International\/wp-json\/wp\/v2\/posts\/63478\/revisions"}],"wp:attachment":[{"href":"https:\/\/linitiative.ca\/International\/wp-json\/wp\/v2\/media?parent=63478"}],"wp:term":[{"taxonomy":"category","embeddable":true,"href":"https:\/\/linitiative.ca\/International\/wp-json\/wp\/v2\/categories?post=63478"},{"taxonomy":"post_tag","embeddable":true,"href":"https:\/\/linitiative.ca\/International\/wp-json\/wp\/v2\/tags?post=63478"}],"curies":[{"name":"wp","href":"https:\/\/api.w.org\/{rel}","templated":true}]}}