{"id":63480,"date":"2019-10-06T10:07:50","date_gmt":"2019-10-06T14:07:50","guid":{"rendered":"https:\/\/linitiative.ca\/International\/ouargla-rehabilitation-de-plus-de-290-ecoles-primaires\/"},"modified":"2019-10-06T10:07:50","modified_gmt":"2019-10-06T14:07:50","slug":"ouargla-rehabilitation-de-plus-de-290-ecoles-primaires","status":"publish","type":"post","link":"https:\/\/linitiative.ca\/International\/ouargla-rehabilitation-de-plus-de-290-ecoles-primaires\/","title":{"rendered":"Ouargla : r\u00e9habilitation de plus de 290 \u00e9coles primaires\u00a0\u00a0"},"content":{"rendered":"<div readability=\"35\">\n<p><strong>OUARGLA &#8211; Au moins 297 \u00e9coles primaires implant\u00e9es \u00e0 travers diff\u00e9rentes communes de la wilaya d\u2019Ouargla ont b\u00e9n\u00e9fici\u00e9 de la r\u00e9habilitation au cours des trois derni\u00e8res ann\u00e9es, a-t-on appris dimanche aupr\u00e8s des services de la direction locale de l\u2019Education.<\/strong><\/p>\n<\/div>\n<div readability=\"91\">\n<p>Entrant dans le cadre des efforts men\u00e9s pour am\u00e9liorer les conditions de scolarisation des \u00e9l\u00e8ves, l\u2019op\u00e9ration a n\u00e9cessit\u00e9 un financement de 5 milliards DA, d\u00e9gag\u00e9 sur le budget de wilaya, le Plan de d\u00e9veloppement communal et la Caisse de garantie et de solidarit\u00e9 des collectivit\u00e9s locales notamment, a-t-on pr\u00e9cis\u00e9.<\/p>\n<p>L\u2019op\u00e9ration, dont les travaux sont en voie d\u2019ach\u00e8vement, a touch\u00e9 les fa\u00e7ades des \u00e9coles, les cours, les sanitaires et les salles de classe en \u00e9tat de d\u00e9gradation, la r\u00e9novation des r\u00e9seaux divers et d\u2019\u00e9clairage, en plus de la r\u00e9paration de certains \u00e9quipements.<\/p>\n<p>Elle a \u00e9galement port\u00e9 sur l\u2019am\u00e9nagement des espaces verts ainsi que sur la r\u00e9paration des syst\u00e8mes de climatisation et de chauffage, a-t-on d\u00e9taill\u00e9.<\/p>\n<blockquote readability=\"11\">\n<p><em><strong>En revanche, peu d&rsquo;op\u00e9rations du genre ont \u00e9t\u00e9 retenues en faveur des \u00e9tablissements \u00e9ducatifs des cycles moyen et secondaire, selon la m\u00eame source, qui pr\u00e9cise que la wilaya s\u2019est occup\u00e9e de la r\u00e9habilitation de quelque Coll\u00e8ges d\u2019enseignement moyen (CEM) seulement et qu&rsquo;il reste encore beaucoup \u00e0 faire en ce qui concerne la remise en \u00e9tat des structures p\u00e9dagogiques des cycles d\u2019enseignement pr\u00e9cit\u00e9s.<\/strong><\/em><\/p>\n<\/blockquote>\n<p>Par ailleurs, la direction de l\u2019Education a fait \u00e9tat de 107.600 \u00e9l\u00e8ves b\u00e9n\u00e9ficiant de la restauration scolaire au niveau de 324 cantines.<\/p>\n<p>Concernant la solidarit\u00e9 scolaire, la direction du secteur a attribu\u00e9 jusqu&rsquo;\u00e0 septembre dernier plus de 12.800 trousseaux scolaires et 60.000 primes de solidarit\u00e9 scolaire (5.000 DA) ainsi que pas moins de 1.183.850 manuels scolaires dans les trois paliers de l\u2019enseignement, au titre de la nouvelle ann\u00e9e scolaire (2019 \/2020) qui a \u00e9t\u00e9 marqu\u00e9e par l&rsquo;ouverture de dix (10) \u00e9tablissements \u00e9ducatifs (9 groupements scolaires et un CEM).<\/p>\n<p>Dans l&rsquo;objectif d&rsquo;att\u00e9nuer le ph\u00e9nom\u00e8ne de surcharge des classes et r\u00e9duire le probl\u00e8me de transport, surtout dans les zones rurales et \u00e9loign\u00e9es des agglom\u00e9rations urbaines, \u00e0 l\u2019instar de Rouissat, Hassi-Benabdallah, El-Alia, Zaouia El-Abidia, M\u00e9garine, Benaceur et El-Borma, les responsables du secteur de l&rsquo;Education ont propos\u00e9 l&rsquo;inscription de nouvelles op\u00e9rations pour la r\u00e9alisation de sept (7) groupements scolaires, onze (11) coll\u00e8ges et quatre (4) lyc\u00e9es.<\/p>\n<p>Le secteu r compte actuellement \u00e0 Ouargla 198.987 \u00e9l\u00e8ves, tous paliers confondus, r\u00e9partis sur 496 \u00e9tablissements \u00e9ducatifs, dont 331 \u00e9coles primaires, 115 CEM et 50 lyc\u00e9es, selon les donn\u00e9es de la direction de l&rsquo;Education.<\/p>\n<\/div>\n<p>Auteur:<br \/>\n<a href=\"http:\/\/www.aps.dz\/regions\/95277-ouargla-rehabilitation-de-plus-de-290-ecoles-primaires\">Cliquez ici pour lire l&rsquo;article depuis sa source.<\/a><\/p>\n","protected":false},"excerpt":{"rendered":"<p>OUARGLA &#8211; Au moins 297 \u00e9coles primaires implant\u00e9es \u00e0 travers diff\u00e9rentes communes de la wilaya d\u2019Ouargla ont b\u00e9n\u00e9fici\u00e9 de la r\u00e9habilitation au cours des trois derni\u00e8res ann\u00e9es, a-t-on appris dimanche aupr\u00e8s des services de la direction locale de l\u2019Education. Entrant dans le cadre des efforts men\u00e9s pour am\u00e9liorer les conditions de scolarisation des \u00e9l\u00e8ves, l\u2019op\u00e9ration [&hellip;]<\/p>\n","protected":false},"author":1790,"featured_media":0,"comment_status":"closed","ping_status":"closed","sticky":false,"template":"","format":"standard","meta":{"fifu_image_url":"","fifu_image_alt":"","footnotes":""},"categories":[53,76],"tags":[],"class_list":["post-63480","post","type-post","status-publish","format-standard","hentry","category-algerie","category-regions"],"_links":{"self":[{"href":"https:\/\/linitiative.ca\/International\/wp-json\/wp\/v2\/posts\/63480","targetHints":{"allow":["GET"]}}],"collection":[{"href":"https:\/\/linitiative.ca\/International\/wp-json\/wp\/v2\/posts"}],"about":[{"href":"https:\/\/linitiative.ca\/International\/wp-json\/wp\/v2\/types\/post"}],"author":[{"embeddable":true,"href":"https:\/\/linitiative.ca\/International\/wp-json\/wp\/v2\/users\/1790"}],"replies":[{"embeddable":true,"href":"https:\/\/linitiative.ca\/International\/wp-json\/wp\/v2\/comments?post=63480"}],"version-history":[{"count":0,"href":"https:\/\/linitiative.ca\/International\/wp-json\/wp\/v2\/posts\/63480\/revisions"}],"wp:attachment":[{"href":"https:\/\/linitiative.ca\/International\/wp-json\/wp\/v2\/media?parent=63480"}],"wp:term":[{"taxonomy":"category","embeddable":true,"href":"https:\/\/linitiative.ca\/International\/wp-json\/wp\/v2\/categories?post=63480"},{"taxonomy":"post_tag","embeddable":true,"href":"https:\/\/linitiative.ca\/International\/wp-json\/wp\/v2\/tags?post=63480"}],"curies":[{"name":"wp","href":"https:\/\/api.w.org\/{rel}","templated":true}]}}