{"id":63483,"date":"2019-10-06T08:02:27","date_gmt":"2019-10-06T12:02:27","guid":{"rendered":"https:\/\/linitiative.ca\/International\/arrestation-de-deux-presumes-trafiquants-de-drogues\/"},"modified":"2019-10-06T08:02:27","modified_gmt":"2019-10-06T12:02:27","slug":"arrestation-de-deux-presumes-trafiquants-de-drogues","status":"publish","type":"post","link":"https:\/\/linitiative.ca\/International\/arrestation-de-deux-presumes-trafiquants-de-drogues\/","title":{"rendered":"Arrestation de deux pr\u00e9sum\u00e9s trafiquants de drogues"},"content":{"rendered":"<div class=\"single-featured\"><img alt=\"\" data-src=\"http:\/\/www.mapoujda.ma\/map\/uploads\/2019\/10\/Arrestation-de-deux-personnes-M750\u00d7430-MAP-Archive.jpg\"\/><\/div>\n<div class=\"entry-content clearfix single-post-content\" readability=\"56\">\n<p class=\"c1\">Le service pr\u00e9fectoral de la police judiciaire d\u2019Oujda, sur la base d\u2019informations pr\u00e9cises de la Direction g\u00e9n\u00e9rale de la surveillance du territoire, a arr\u00eat\u00e9, samedi soir, deux individus \u00e2g\u00e9s de 39 et 41 ans pour leur implication pr\u00e9sum\u00e9e dans une affaire de possession et de trafic de drogue et de psychotropes dans le cadre d\u2019un r\u00e9seau criminel organis\u00e9.<\/p>\n<p class=\"c1\">Le premier mis en cause, qui jouait le r\u00f4le d\u2019interm\u00e9diaire, a \u00e9t\u00e9 interpell\u00e9 en possession de 320 grammes de chira et \u00e0 bord d\u2019une voiture portant de fausses plaques d\u2019immatriculation, indique la Direction g\u00e9n\u00e9rale de la s\u00fbret\u00e9 nationale (DGSN), pr\u00e9cisant que le second suspect a \u00e9t\u00e9 arr\u00eat\u00e9 lors d\u2019une op\u00e9ration s\u00e9curitaire simultan\u00e9e \u00e0 Beni Drar et qui a permis, apr\u00e8s la perquisition du domicile du suspect \u00e0 Douar Oulad Taher (commune de Beni Khaled), de saisir 556 kg de Chira.<\/p>\n<p class=\"c1\">Les mis en cause ont \u00e9t\u00e9 plac\u00e9s en garde \u00e0 vue \u00e0 la disposition de l\u2019enqu\u00eate men\u00e9e sous la supervision du parquet comp\u00e9tent, en vue d\u2019\u00e9lucider toutes les circonstances de cette affaire et d\u2019arr\u00eater les individus \u00e9ventuellement impliqu\u00e9s dans ces actes criminels, conclut la DGSN.<\/p>\n<\/div>\n<p>Auteur: Soufiane ELAHMAR<br \/>\n<a href=\"http:\/\/www.mapoujda.ma\/fr\/arrestation-de-deux-presumes-trafiquants-de-drogues\/\">Cliquez ici pour lire l&rsquo;article depuis sa source.<\/a><\/p>\n","protected":false},"excerpt":{"rendered":"<p>Le service pr\u00e9fectoral de la police judiciaire d\u2019Oujda, sur la base d\u2019informations pr\u00e9cises de la Direction g\u00e9n\u00e9rale de la surveillance du territoire, a arr\u00eat\u00e9, samedi soir, deux individus \u00e2g\u00e9s de 39 et 41 ans pour leur implication pr\u00e9sum\u00e9e dans une affaire de possession et de trafic de drogue et de psychotropes dans le cadre d\u2019un [&hellip;]<\/p>\n","protected":false},"author":1788,"featured_media":63484,"comment_status":"closed","ping_status":"closed","sticky":false,"template":"","format":"standard","meta":{"fifu_image_url":"","fifu_image_alt":"","footnotes":""},"categories":[54,76],"tags":[],"class_list":["post-63483","post","type-post","status-publish","format-standard","has-post-thumbnail","hentry","category-maroc","category-regions"],"_links":{"self":[{"href":"https:\/\/linitiative.ca\/International\/wp-json\/wp\/v2\/posts\/63483","targetHints":{"allow":["GET"]}}],"collection":[{"href":"https:\/\/linitiative.ca\/International\/wp-json\/wp\/v2\/posts"}],"about":[{"href":"https:\/\/linitiative.ca\/International\/wp-json\/wp\/v2\/types\/post"}],"author":[{"embeddable":true,"href":"https:\/\/linitiative.ca\/International\/wp-json\/wp\/v2\/users\/1788"}],"replies":[{"embeddable":true,"href":"https:\/\/linitiative.ca\/International\/wp-json\/wp\/v2\/comments?post=63483"}],"version-history":[{"count":0,"href":"https:\/\/linitiative.ca\/International\/wp-json\/wp\/v2\/posts\/63483\/revisions"}],"wp:featuredmedia":[{"embeddable":true,"href":"https:\/\/linitiative.ca\/International\/wp-json\/"}],"wp:attachment":[{"href":"https:\/\/linitiative.ca\/International\/wp-json\/wp\/v2\/media?parent=63483"}],"wp:term":[{"taxonomy":"category","embeddable":true,"href":"https:\/\/linitiative.ca\/International\/wp-json\/wp\/v2\/categories?post=63483"},{"taxonomy":"post_tag","embeddable":true,"href":"https:\/\/linitiative.ca\/International\/wp-json\/wp\/v2\/tags?post=63483"}],"curies":[{"name":"wp","href":"https:\/\/api.w.org\/{rel}","templated":true}]}}