{"id":63488,"date":"2019-10-06T15:14:09","date_gmt":"2019-10-06T19:14:09","guid":{"rendered":"https:\/\/linitiative.ca\/International\/pros-bundesliga-bensebaini-titulaire-mgladbach-leader\/"},"modified":"2019-10-06T15:14:09","modified_gmt":"2019-10-06T19:14:09","slug":"pros-bundesliga-bensebaini-titulaire-mgladbach-leader","status":"publish","type":"post","link":"https:\/\/linitiative.ca\/International\/pros-bundesliga-bensebaini-titulaire-mgladbach-leader\/","title":{"rendered":"Pros : Bundesliga: Bensebaini titulaire, M&rsquo;Gladbach leader !"},"content":{"rendered":"<div readability=\"32\">\n<p>Auteur : <span>Riad O.<\/span> <span class=\"time\">dimanche 06 octobre 2019 17:28<\/span><\/p>\n<\/div>\n<div id=\"post_core\" readability=\"43\">\n<p>Le Borussia M\u00f6nchengladbach n\u2019a pas fait dans les d\u00e9tails aujourd\u2019hui en s\u2019imposant sur le score net et sans appel de cinq buts \u00e0 un face \u00e0 Augsbourg \u00e0 l&rsquo;occasion de la 7e journ\u00e9e de Bundesliga. \u00a0Avec ce succ\u00e8s, M&rsquo;Gladbach s&#8217;empare du fauteuil de leader de la Bundesliga avec deux points d&rsquo;avance sur le Bayern, le RB Leipzig, Fribourg, Leverkusen et Schalke 04. Pour sa part, le joueur Alg\u00e9rien, Ramy Bensebaini a retrouv\u00e9 sa place de titulaire en livrant une prestation correcte aujourd\u2019hui face \u00e0 Augsbourg.<\/p>\n<p><strong>Publi\u00e9 dans :<\/strong> <span>M&rsquo;Gladbach<\/span> <span>Bensebaini<\/span><\/p>\n<\/div>\n<p>Auteur:<br \/>\n<a href=\"http:\/\/www.lebuteur.com\/article\/detail?titre=bundesliga-bensebaini-titulaire-mgladbach-leader&#038;id=92154&#038;utm_source=feedburner&#038;utm_medium=feed&#038;utm_campaign=Feed%3A+GalerieFArtciles+%28Les+derniers+articles++-+lebuteur.com%29\">Cliquez ici pour lire l&rsquo;article depuis sa source.<\/a><\/p>\n","protected":false},"excerpt":{"rendered":"<p>Auteur : Riad O. dimanche 06 octobre 2019 17:28 Le Borussia M\u00f6nchengladbach n\u2019a pas fait dans les d\u00e9tails aujourd\u2019hui en s\u2019imposant sur le score net et sans appel de cinq buts \u00e0 un face \u00e0 Augsbourg \u00e0 l&rsquo;occasion de la 7e journ\u00e9e de Bundesliga. \u00a0Avec ce succ\u00e8s, M&rsquo;Gladbach s&#8217;empare du fauteuil de leader de la [&hellip;]<\/p>\n","protected":false},"author":1738,"featured_media":63489,"comment_status":"closed","ping_status":"closed","sticky":false,"template":"","format":"standard","meta":{"fifu_image_url":"","fifu_image_alt":"","footnotes":""},"categories":[53,75],"tags":[],"class_list":["post-63488","post","type-post","status-publish","format-standard","has-post-thumbnail","hentry","category-algerie","category-sport"],"_links":{"self":[{"href":"https:\/\/linitiative.ca\/International\/wp-json\/wp\/v2\/posts\/63488","targetHints":{"allow":["GET"]}}],"collection":[{"href":"https:\/\/linitiative.ca\/International\/wp-json\/wp\/v2\/posts"}],"about":[{"href":"https:\/\/linitiative.ca\/International\/wp-json\/wp\/v2\/types\/post"}],"author":[{"embeddable":true,"href":"https:\/\/linitiative.ca\/International\/wp-json\/wp\/v2\/users\/1738"}],"replies":[{"embeddable":true,"href":"https:\/\/linitiative.ca\/International\/wp-json\/wp\/v2\/comments?post=63488"}],"version-history":[{"count":0,"href":"https:\/\/linitiative.ca\/International\/wp-json\/wp\/v2\/posts\/63488\/revisions"}],"wp:featuredmedia":[{"embeddable":true,"href":"https:\/\/linitiative.ca\/International\/wp-json\/"}],"wp:attachment":[{"href":"https:\/\/linitiative.ca\/International\/wp-json\/wp\/v2\/media?parent=63488"}],"wp:term":[{"taxonomy":"category","embeddable":true,"href":"https:\/\/linitiative.ca\/International\/wp-json\/wp\/v2\/categories?post=63488"},{"taxonomy":"post_tag","embeddable":true,"href":"https:\/\/linitiative.ca\/International\/wp-json\/wp\/v2\/tags?post=63488"}],"curies":[{"name":"wp","href":"https:\/\/api.w.org\/{rel}","templated":true}]}}