{"id":63492,"date":"2019-10-06T15:14:11","date_gmt":"2019-10-06T19:14:11","guid":{"rendered":"https:\/\/linitiative.ca\/International\/pros-serie-a-pas-de-vainqueur-entre-naples-et-le-torino\/"},"modified":"2019-10-06T15:14:11","modified_gmt":"2019-10-06T19:14:11","slug":"pros-serie-a-pas-de-vainqueur-entre-naples-et-le-torino","status":"publish","type":"post","link":"https:\/\/linitiative.ca\/International\/pros-serie-a-pas-de-vainqueur-entre-naples-et-le-torino\/","title":{"rendered":"Pros : Serie A : Pas de vainqueur entre Naples et le Torino"},"content":{"rendered":"<div readability=\"32\">\n<p>Auteur : <span class=\"time\">dimanche 06 octobre 2019 19:42<\/span><\/p>\n<\/div>\n<div id=\"post_core\" readability=\"40\">\n<p>Avant le choc de la 7e journ\u00e9e entre l\u2019Inter et la Juventus, Naples se d\u00e9pla\u00e7ait sur la pelouse du Torino. Les joueurs de Carlo Ancelotti avaient besoin d\u2019une victoire pour rester au contact au classement comme le souligne Footmercato.<\/p>\n<p>Mais les Gli Azzurri n\u2019ont pas r\u00e9ussi \u00e0 faire mieux que de ramener un nul (0-0) de Turin. Apr\u00e8s celui conc\u00e9d\u00e9 contre Genk cette semaine en Ligue des champions (0-0), le club du V\u00e9suve accuse le coup et pointe \u00e0 la 4e place (13 pts) alors que les Grenats remontent en 9e position (10 pts).<\/p>\n<p><strong>Publi\u00e9 dans :<\/strong> <span>Naples<\/span><\/p>\n<\/div>\n<p>Auteur:<br \/>\n<a href=\"http:\/\/www.lebuteur.com\/article\/detail?titre=serie-a-pas-de-vainqueur-entre-naples-et-le-torino&#038;id=92156&#038;utm_source=feedburner&#038;utm_medium=feed&#038;utm_campaign=Feed%3A+GalerieFArtciles+%28Les+derniers+articles++-+lebuteur.com%29\">Cliquez ici pour lire l&rsquo;article depuis sa source.<\/a><\/p>\n","protected":false},"excerpt":{"rendered":"<p>Auteur : dimanche 06 octobre 2019 19:42 Avant le choc de la 7e journ\u00e9e entre l\u2019Inter et la Juventus, Naples se d\u00e9pla\u00e7ait sur la pelouse du Torino. Les joueurs de Carlo Ancelotti avaient besoin d\u2019une victoire pour rester au contact au classement comme le souligne Footmercato. Mais les Gli Azzurri n\u2019ont pas r\u00e9ussi \u00e0 faire [&hellip;]<\/p>\n","protected":false},"author":1738,"featured_media":63493,"comment_status":"closed","ping_status":"closed","sticky":false,"template":"","format":"standard","meta":{"fifu_image_url":"","fifu_image_alt":"","footnotes":""},"categories":[53,75],"tags":[],"class_list":["post-63492","post","type-post","status-publish","format-standard","has-post-thumbnail","hentry","category-algerie","category-sport"],"_links":{"self":[{"href":"https:\/\/linitiative.ca\/International\/wp-json\/wp\/v2\/posts\/63492","targetHints":{"allow":["GET"]}}],"collection":[{"href":"https:\/\/linitiative.ca\/International\/wp-json\/wp\/v2\/posts"}],"about":[{"href":"https:\/\/linitiative.ca\/International\/wp-json\/wp\/v2\/types\/post"}],"author":[{"embeddable":true,"href":"https:\/\/linitiative.ca\/International\/wp-json\/wp\/v2\/users\/1738"}],"replies":[{"embeddable":true,"href":"https:\/\/linitiative.ca\/International\/wp-json\/wp\/v2\/comments?post=63492"}],"version-history":[{"count":0,"href":"https:\/\/linitiative.ca\/International\/wp-json\/wp\/v2\/posts\/63492\/revisions"}],"wp:featuredmedia":[{"embeddable":true,"href":"https:\/\/linitiative.ca\/International\/wp-json\/"}],"wp:attachment":[{"href":"https:\/\/linitiative.ca\/International\/wp-json\/wp\/v2\/media?parent=63492"}],"wp:term":[{"taxonomy":"category","embeddable":true,"href":"https:\/\/linitiative.ca\/International\/wp-json\/wp\/v2\/categories?post=63492"},{"taxonomy":"post_tag","embeddable":true,"href":"https:\/\/linitiative.ca\/International\/wp-json\/wp\/v2\/tags?post=63492"}],"curies":[{"name":"wp","href":"https:\/\/api.w.org\/{rel}","templated":true}]}}