{"id":63494,"date":"2019-10-05T20:00:00","date_gmt":"2019-10-06T00:00:00","guid":{"rendered":"https:\/\/linitiative.ca\/International\/presidentielle-du-12-decembre-impartialite-et-transparence\/"},"modified":"2019-10-05T20:00:00","modified_gmt":"2019-10-06T00:00:00","slug":"presidentielle-du-12-decembre-impartialite-et-transparence","status":"publish","type":"post","link":"https:\/\/linitiative.ca\/International\/presidentielle-du-12-decembre-impartialite-et-transparence\/","title":{"rendered":"Pr\u00e9sidentielle du 12 d\u00e9cembre : impartialit\u00e9  et transparence"},"content":{"rendered":"<p><strong>L&rsquo;op\u00e9ration de r\u00e9vision exceptionnelle des listes \u00e9lectorales prendra fin, aujourd\u2019hui. Cette op\u00e9ration, qui intervient en pr\u00e9vision de la tenue prochaine de l\u2019\u00e9lection pr\u00e9sidentielle du 12 d\u00e9cembre 2019, aura donc dur\u00e9 exactement quinze jours, conform\u00e9ment au d\u00e9cret pr\u00e9sidentiel portant convocation du corps \u00e9lectoral.<\/strong><\/p>\n<p>Il faut dire, en effet, que l\u2019article 2 du d\u00e9cret pr\u00e9sidentiel n\u00b019-245, du 15 septembre 2019, stipule qu\u2019 \u00abune r\u00e9vision exceptionnelle des listes \u00e9lectorales est ouverte \u00e0 compter du dimanche 22 septembre 2019 et sera cl\u00f4tur\u00e9e le dimanche 6 octobre 2019\u00bb. Pour ce faire, l&rsquo;Autorit\u00e9 nationale ind\u00e9pendante des \u00e9lections \u2014qui a \u00e9t\u00e9 cr\u00e9\u00e9e en vertu d&rsquo;une nouvelle loi organique, faut-il le rappeler\u2014 avait invit\u00e9 les citoyennes et citoyens, non inscrits sur les listes \u00e9lectorales, notamment ceux qui auront 18 ans le jour du scrutin, \u00e0 s&rsquo;inscrire aupr\u00e8s de la commission communale au niveau de leur commune de r\u00e9sidence. L\u2019ANIE avait \u00e9galement demand\u00e9 aux \u00e9lecteurs ayant chang\u00e9 de lieu de r\u00e9sidence de \u00abse rapprocher de la commission de r\u00e9vision des listes \u00e9lectorales de leur nouvelle commune de r\u00e9sidence\u00bb. Ces demandes d&rsquo;inscription devaient \u00eatre appuy\u00e9es aussi par la pr\u00e9sentation de deux documents, \u00ab l&rsquo;un justifiant l&rsquo;identit\u00e9, l&rsquo;autre la r\u00e9sidence\u00bb, signalons-le. Pour ce qui est des jours et des horaires d\u2019ouverture des bureaux de la commission charg\u00e9e de la r\u00e9vision des listes des \u00e9lections au niveau des communes, ces derniers \u00e9taient ouverts tout au long de la semaine, de 9h00 \u00e0 16h30, \u00e0 l&rsquo;exception du vendredi. Pour ce qui concerne les membres de la communaut\u00e9 nationale \u00e9tablie \u00e0 l&rsquo;\u00e9tranger, ils devaient, quant \u00e0 eux, se rapprocher des repr\u00e9sentations diplomatiques ou consulaires pour s&rsquo;inscrire\u00bb. L\u2019autre remarque importante \u00e0 mettre en exergue, dans ce contexte, c\u2019est que selon les nouvelles dispositions apport\u00e9es \u00e0 la faveur de la loi organique relative au r\u00e9gime \u00e9lectoral, le fichier national du corps \u00e9lectoral est d\u00e9sormais plac\u00e9 sous la tutelle de l&rsquo;Autorit\u00e9 nationale ind\u00e9pendante charg\u00e9e des \u00e9lections qui est elle-m\u00eame charg\u00e9e de pr\u00e9parer les \u00e9lections, les organiser, les g\u00e9rer et les superviser, de A \u00e0 Z, soit du d\u00e9but de l&rsquo;op\u00e9ration d&rsquo;inscription sur les listes \u00e9lectorales et leur r\u00e9vision, jusqu&rsquo;\u00e0 l&rsquo;annonce des r\u00e9sultats provisoires, en passant par toutes les \u00e9tapes du processus \u00e9lectoral.<\/p>\n<p><strong>120 postulants \u00e0 la candidature ont proc\u00e9d\u00e9 au retrait des formulaires<\/strong><\/p>\n<p>Pas moins de cent-vingt postulants \u00e0 la candidature pour l&rsquo;\u00e9lection pr\u00e9sidentielle du 12 d\u00e9cembre prochain ont proc\u00e9d\u00e9 au retrait des formulaires de souscription des signatures individuelles. L&rsquo;Autorit\u00e9 nationale ind\u00e9pendante des \u00e9lections pr\u00e9cise que ce chiffre est arr\u00eat\u00e9 au mercredi 2 octobre, ce qui signifie donc qu\u2019il pourrait donc probablement \u00eatre revu \u00e0 la hausse durant les jours qui suivent. A noter que parmi les candidats \u00e0 la candidature figurent notamment des responsables de partis politiques, \u00e0 l&rsquo;instar de l&rsquo;ancien Chef de gouvernement, Ali Benflis, pr\u00e9sident du parti Tala\u00efe El Hourriyet (Avant-gardes des libert\u00e9s), Abdelaziz Belaid, pr\u00e9sident du Front El Moustakbal, et deux anciens ministres, Abdelkader Bengrina, pr\u00e9sident du mouvement El Bina, et Belkacem Sahli, pr\u00e9sident de l&rsquo;Alliance nationale r\u00e9publicaine (ANR). Le secr\u00e9taire g\u00e9n\u00e9ral par int\u00e9rim du Rassemblement national d\u00e9mocratique (RND), Azzedine Mihoubi, avait charg\u00e9 des cadres du parti de retirer, en son nom, les formulaires de candidature. Relevons dans ce sillage que pas plus tard que vendredi dernier, les membres du Conseil national du Rassemblement national d\u00e9mocratique (RND) ont approuv\u00e9, \u00e0 \u00abl&rsquo;unanimit\u00e9\u00bb, la candidature du secr\u00e9taire g\u00e9n\u00e9ral par int\u00e9rim du parti, Azzedine Mihoubi, \u00e0 la pr\u00e9sidentielle du 12 d\u00e9cembre, une approbation qui est intervenue, faut-il le rappeler, lors de la 7e session ordinaire du Conseil national du RND.<br \/>La liste des candidats \u00e0 la candidature comprend \u00e9galement l\u2019ancien Premier ministre, Abdelmadjid Tebboune, qui se pr\u00e9sente, pour sa part, en qualit\u00e9 de candidat ind\u00e9pendant. Pour que les dossiers de candidatures soient approuv\u00e9s, les postulants doivent r\u00e9pondre \u00e0 un certain nombre d\u2019exigences contenues dans la nouvelle loi organique relative au r\u00e9gime \u00e9lectoral. Il est notamment exig\u00e9 de ces derniers de pr\u00e9senter cinquante mille (50.000) signatures individuelles, au moins, d&rsquo;\u00e9lecteurs inscrits sur une liste \u00e9lectorale. Ces signatures doivent \u00eatre recueillies \u00e0 travers au moins 25 wilayas.<br \/>Le nombre minimal de signatures exig\u00e9es pour chacune des wilayas ne saurait \u00eatre inf\u00e9rieur \u00e0 1.200. La r\u00e9glementation en cours fait par ailleurs obligation \u00e0 ce que la D\u00e9claration de candidature \u00e0 la Pr\u00e9sidence de la R\u00e9publique r\u00e9sulte du d\u00e9p\u00f4t, par le candidat lui-m\u00eame, d&rsquo;une demande d&rsquo;enregistrement aupr\u00e8s du pr\u00e9sident de l&rsquo;ANIE.<br \/>Conform\u00e9ment \u00e0 la loi, l\u2019ANIE \u2014qui prend toutes les mesures et dispositions pour garantir la pr\u00e9paration et l&rsquo;organisation des \u00e9lections en toute int\u00e9grit\u00e9, transparence et impartialit\u00e9, sans discrimination entre les candidats\u2014 dispose en effet des pr\u00e9rogatives de r\u00e9ceptionner les dossiers de candidature d&rsquo;\u00e9lection du pr\u00e9sident de la R\u00e9publique, de statuer en accord avec les dispositions de la loi organique relative au r\u00e9gime \u00e9lectoral et d&rsquo;annoncer les r\u00e9sultats provisoires des \u00e9lections. L&rsquo;Autorit\u00e9 nationale ind\u00e9pendante des \u00e9lections, qui est constitu\u00e9e d&rsquo;un conseil, d&rsquo;un bureau et d&rsquo;un pr\u00e9sident, dispose de d\u00e9membrements repr\u00e9sent\u00e9s par des d\u00e9l\u00e9gations de wilayas, assist\u00e9es de membres de d\u00e9l\u00e9gations au niveau des communes, ainsi qu&rsquo;au niveau des repr\u00e9sentations diplomatiques et consulaires.<\/p>\n<p><strong>Autorit\u00e9 nationale ind\u00e9pendante\u00a0 des \u00e9lections : installation des coordinateurs des d\u00e9l\u00e9gations de wilaya<\/strong><\/p>\n<p>Pour ce qui concerne les d\u00e9membrements repr\u00e9sent\u00e9s par des d\u00e9l\u00e9gations de wilaya, l\u2019on saura que les diff\u00e9rents coordinateurs des d\u00e9l\u00e9gations de wilayas relevant de l\u2019ANIE seront install\u00e9s au courant de cette semaine. L\u2019annonce vient d\u2019\u00eatre faite par le pr\u00e9sident de l\u2019autorit\u00e9, Mohamed Charfi, qui a pr\u00e9cis\u00e9 que ces coordinateurs sont \u00abdes jeunes \u00bb et \u00ab de l&rsquo;\u00e9lite universitaire \u00bb.<br \/>Lors d&rsquo;une conf\u00e9rence de presse anim\u00e9e par ses soins et consacr\u00e9e \u00e0 la pr\u00e9sentation du bilan de l&rsquo;Autorit\u00e9 qui l&rsquo;a entam\u00e9 depuis pr\u00e8s de trois semaines, M. Mohamed Charfi a en effet mis en relief que \u00ab 90% de ces coordinateurs, \u00e2g\u00e9s de moins de 48 ans, ont un niveau universitaire et jouissent d&rsquo;une exp\u00e9rience professionnelle\u00bb. Aussi et apr\u00e8s avoir annonc\u00e9 la liste nominative des coordinateurs des 48 wilayas, le pr\u00e9sident de l\u2019ANIE a mis l\u2019accent, notamment, sur le fait que ces coordinateurs jouissent de toutes les pr\u00e9rogatives conf\u00e9r\u00e9es \u00e0 l&rsquo;ANIE, d&rsquo;autant qu&rsquo;ils \u00ab sont responsables de tout le processus \u00e9lectoral au niveau de leurs wilayas \u00bb, a-t-il affirm\u00e9. M. Mohamed Charfi, qui a appel\u00e9 les jeunes du Hirak \u00e0 \u00absoutenir l&rsquo;Autorit\u00e9 en mati\u00e8re d&rsquo;encadrement des bureaux de vote en vue d&rsquo;assurer la r\u00e9gularit\u00e9 de cette \u00e9ch\u00e9ance nationale\u00bb, soulignera par la m\u00eame occasion tous les efforts consentis par l&rsquo;Autorit\u00e9, lesquels efforts visent \u00e0 \u00abr\u00e9unir les conditions propices \u00e0 l&rsquo;organisation d&rsquo;une \u00e9lection pr\u00e9sidentielle r\u00e9guli\u00e8re, \u00e0 travers la mise au point de la strat\u00e9gie de l&rsquo;Autorit\u00e9 s&rsquo;appuyant sur les aspects technologiques d\u00e9velopp\u00e9s, et ce, pour \u00e9viter toute fraude lors des \u00e9lections\u00bb.<br \/>Aussi et en r\u00e9ponse \u00e0 une question relative aux d\u00e9clarations de certains pr\u00e9sidents de partis qui sont plut\u00f4t sceptiques vis-\u00e0-vis de l&rsquo;Autorit\u00e9 nationale ind\u00e9pendante des \u00e9lections, M. Charfi a soulign\u00e9 que \u00ab le r\u00f4le de l\u2019Autorit\u00e9 r\u00e9side dans la garantie d&rsquo;une concurrence loyale en veillant \u00e0 la mise en place des conditions permettant d&rsquo;atteindre cet objectif \u00bb, de m\u00eame qu\u2019il annoncera que \u00ab l&rsquo;Autorit\u00e9 \u00e9laborera \u00e0 la fin de son action, un rapport d\u00e9taill\u00e9 sur son activit\u00e9 \u00bb.<br \/><strong>Soraya Guemmouri<\/strong><\/p>\n<p><strong>&#8212;&#8212;&#8212;&#8212;&#8212;&#8212;&#8212;&#8212;&#8212;&#8212;&#8212;&#8212;&#8212;<\/strong><\/p>\n<p>Liste nominative des coordinateurs de wilaya<\/p>\n<p>L\u2019Autorit\u00e9 nationale ind\u00e9pendante des \u00e9lections (ANIE) a annonc\u00e9 vendredi les noms de ses coordinateurs au niveau des 48 wilayas, lesquels seront install\u00e9s la semaine prochaine.<\/p>\n<p>1.\u00a0\u00a0\u00a0 Adrar\u00a0\u00a0\u00a0 Ali Zine El Abidine\u00a0\u00a0\u00a0 Enseignant\u00a0 universitaire en Droit n\u00e9 \u00a0\u00a0\u00a0 \u00a0\u00a0\u00a0 \u00a0\u00a0\u00a0 \u00a0\u00a0\u00a0 en 1982<br \/>2.\u00a0\u00a0\u00a0 Chlef\u00a0\u00a0\u00a0\u00a0\u00a0\u00a0\u00a0\u00a0\u00a0\u00a0\u00a0 \u00a0\u00a0\u00a0 Mohamed El-Atef\u00a0\u00a0\u00a0 Enseignant\u00a0 universitaire en Sciences \u00a0\u00a0\u00a0 \u00a0\u00a0\u00a0 \u00a0\u00a0\u00a0 \u00a0\u00a0\u00a0 sociales \/ 1978<br \/>3.\u00a0\u00a0\u00a0 Laghouat\u00a0\u00a0\u00a0\u00a0\u00a0 \u00a0\u00a0\u00a0 Lahak Aissa\u00a0\u00a0\u00a0 Enseignant\u00a0 universitaire en Droit \/ \u00a0\u00a0\u00a0 \u00a0\u00a0\u00a0 \u00a0\u00a0\u00a0 \u00a0\u00a0\u00a0 1976<br \/>4.\u00a0\u00a0\u00a0 Oum El Bouaghi\u00a0\u00a0\u00a0 Berrah Abderrahmane\u00a0\u00a0\u00a0\u00a0\u00a0\u00a0\u00a0 \u00a0\u00a0\u00a0 Huissier de justice \/ 1978<br \/>5.\u00a0\u00a0\u00a0 Batna\u00a0\u00a0\u00a0 Ammar Kerarcha\u00a0\u00a0\u00a0 Magistrat \u00e0 la retraite \/ 1949<br \/>6.\u00a0\u00a0\u00a0 Bejaia\u00a0\u00a0\u00a0 Madani Khoudir\u00a0\u00a0\u00a0 Docteur en\u00a0 chimie \/1965<br \/>7.\u00a0\u00a0\u00a0 Biskra\u00a0\u00a0\u00a0 Bouziane Mohmaed Toufik\u00a0\u00a0\u00a0 Enseignant\u00a0 universitaire en ressource \u00a0\u00a0\u00a0 \u00a0\u00a0\u00a0 \u00a0\u00a0\u00a0 \/1963<br \/>8.\u00a0\u00a0\u00a0 Bechar\u00a0\u00a0\u00a0 Faci Abdallah\u00a0\u00a0\u00a0 Enseignant\u00a0 universitaire \u00e0 la facult\u00e9 \u00a0\u00a0\u00a0 \u00a0\u00a0\u00a0 \u00a0\u00a0\u00a0 \u00a0\u00a0\u00a0 de Droit \/1955<br \/>9.\u00a0\u00a0\u00a0 Blida\u00a0\u00a0\u00a0 Sidi Moussa Mohamed Charif\u00a0\u00a0\u00a0 Enseignant\u00a0 universitaire \/1962<br \/>10.\u00a0\u00a0\u00a0 Bouira\u00a0\u00a0\u00a0 Harket Djelloul\u00a0\u00a0\u00a0 Notaire et docteur en Droit \/1965<br \/>11.\u00a0\u00a0\u00a0 Tamanrasset\u00a0\u00a0\u00a0 Badi Lakhdar\u00a0\u00a0\u00a0 Fonctionnaire\/1981<br \/>12.\u00a0\u00a0\u00a0 T\u00e9bessa\u00a0\u00a0\u00a0 Kenaza Mohmed\u00a0\u00a0\u00a0 Enseignant\u00a0 universitaire en Sciences \u00a0\u00a0\u00a0 \u00a0\u00a0\u00a0 \u00a0\u00a0\u00a0 \u00a0\u00a0\u00a0 juridiques\/1973<br \/>13.\u00a0\u00a0\u00a0 Tlemcen\u00a0\u00a0\u00a0 Bedjaoui Hafid\u00a0\u00a0\u00a0 M\u00e9decin chirurgien\/1957<br \/>14.\u00a0\u00a0\u00a0 Tiaret\u00a0\u00a0\u00a0 Boussemaha Sheikh\u00a0\u00a0\u00a0 Enseignant\u00a0 universitaire en Sciences \u00a0\u00a0\u00a0 \u00a0\u00a0\u00a0 \u00a0\u00a0\u00a0 \u00a0\u00a0\u00a0 juridiques\/1970<br \/>15.\u00a0\u00a0\u00a0 Tizi Ouzou\u00a0\u00a0\u00a0 Kheffache Kamal\u00a0\u00a0\u00a0 Enseignant\u00a0 universitaire et expert \u00a0\u00a0\u00a0 \u00a0\u00a0\u00a0 \u00a0\u00a0\u00a0 \u00a0\u00a0\u00a0 \u00e9conomique\/1964<br \/>16.\u00a0\u00a0\u00a0 Alger\u00a0\u00a0\u00a0 Ben Necef Mouloud\u00a0\u00a0\u00a0 Avocat et\u00a0 enseignant \u00a0\u00a0\u00a0 \u00a0\u00a0\u00a0 \u00a0\u00a0\u00a0 \u00a0\u00a0\u00a0 \u00a0\u00a0\u00a0 \u00a0\u00a0\u00a0 universitaire\/1986<br \/>17.\u00a0\u00a0\u00a0 Djelfa\u00a0\u00a0\u00a0 Taiba Ahmed\u00a0\u00a0\u00a0 Enseignant universitaire en Sciences \u00a0\u00a0\u00a0 \u00a0\u00a0\u00a0 \u00a0\u00a0\u00a0 \u00a0\u00a0\u00a0 juridiques\/1970<br \/>18.\u00a0\u00a0\u00a0 Jijel\u00a0\u00a0\u00a0 Boulaaras Salim\u00a0\u00a0\u00a0 Directeur d&rsquo;une entreprise \u00a0\u00a0\u00a0 \u00a0\u00a0\u00a0 \u00a0\u00a0\u00a0 \u00a0\u00a0\u00a0 \u00a0\u00a0\u00a0 nationale\/1984<br \/>19.\u00a0\u00a0\u00a0 S\u00e9tif\u00a0\u00a0\u00a0 Hichour Fayssal\u00a0\u00a0\u00a0 Avocat\/1972<br \/>20.\u00a0\u00a0\u00a0 Saida\u00a0\u00a0\u00a0 Saidi Chikh\u00a0\u00a0\u00a0 Enseignant universitaire en Sciences \u00a0\u00a0\u00a0 \u00a0\u00a0\u00a0 \u00a0\u00a0\u00a0 \u00a0\u00a0\u00a0 juridiques\/1964<br \/>21.\u00a0\u00a0\u00a0 Skikda\u00a0\u00a0\u00a0 Amouchi Nesrine\u00a0\u00a0\u00a0 Doyen\u00a0 de facult\u00e9\/1956<br \/>22.\u00a0\u00a0\u00a0 Sidi Belabbes\u00a0\u00a0\u00a0 Annani Maachou\u00a0\u00a0\u00a0 Vice-doyen de facult\u00e9\/1966<br \/>23.\u00a0\u00a0\u00a0 Annaba\u00a0\u00a0\u00a0 Bouakidia Mourad\u00a0\u00a0\u00a0 M\u00e9decin\/ 1964 Wilaya\u00a0\u00a0\u00a0 Nom du coordinateur\u00a0\u00a0\u00a0 Profession et \u00e2ge de wilaya<br \/>24.\u00a0\u00a0\u00a0 Guelma\u00a0\u00a0\u00a0 Hamlaoui Hamid \u00a0\u00a0\u00a0 Vice-doyen de facult\u00e9\/1960<br \/>25.\u00a0\u00a0\u00a0 Constantine\u00a0\u00a0\u00a0 Kaouane Mohamed\u00a0\u00a0\u00a0 Enseignant\u00a0 universitaire en \u00a0\u00a0\u00a0 \u00a0\u00a0\u00a0 \u00a0\u00a0\u00a0 \u00a0\u00a0\u00a0 \u00a0\u00a0\u00a0 Psychologie 1976\u00a0<br \/>26.\u00a0\u00a0\u00a0 M\u00e9d\u00e9a\u00a0\u00a0\u00a0 Aourouan Haroune\u00a0\u00a0\u00a0 Enseignant universitaire 1981\u00a0<br \/>27.\u00a0\u00a0\u00a0 Mostaganem\u00a0\u00a0\u00a0 Meradji Omar\u00a0\u00a0\u00a0 Enseignant universitaire\u00a0 et docteur \u00a0\u00a0\u00a0 \u00a0\u00a0\u00a0 \u00a0\u00a0\u00a0 \u00a0\u00a0\u00a0 en Litt\u00e9rature arabe 1971<br \/>28.\u00a0\u00a0\u00a0 M&rsquo;sila\u00a0\u00a0\u00a0 Fadli Sid Ali\u00a0\u00a0\u00a0 Enseignant\u00a0\u00a0\u00a0 universitaire en Droit \u00a0\u00a0\u00a0 \u00a0\u00a0\u00a0 \u00a0\u00a0\u00a0 \u00a0\u00a0\u00a0 constitutionnel 1980\u00a0\u00a0<br \/>29.\u00a0\u00a0\u00a0 Mascara\u00a0\u00a0\u00a0 Moussa Nacer\u00a0\u00a0\u00a0 Enseignant\u00a0 universitaire en Sciences \u00a0\u00a0\u00a0 \u00a0\u00a0\u00a0 \u00a0\u00a0\u00a0 \u00a0\u00a0\u00a0 juridiques 1987\u00a0<br \/>30.\u00a0\u00a0\u00a0 Ouargla\u00a0\u00a0\u00a0 Chemsa Ali\u00a0\u00a0\u00a0 Avocat 1954<br \/>31.\u00a0\u00a0\u00a0 Oran\u00a0\u00a0\u00a0 Ben Daoud Abdelkader\u00a0\u00a0\u00a0\u00a0\u00a0\u00a0\u00a0\u00a0\u00a0\u00a0 \u00a0\u00a0\u00a0 Avocat et enseignant universitaire \u00a0\u00a0\u00a0 \u00a0\u00a0\u00a0 \u00a0\u00a0\u00a0 \u00a0\u00a0\u00a0 1969\u00a0<br \/>32.\u00a0\u00a0\u00a0 El Bayadh\u00a0\u00a0\u00a0 Belarabi Abdelkader\u00a0\u00a0\u00a0 Sous-directeur d\u2019un centre \u00a0\u00a0\u00a0 \u00a0\u00a0\u00a0 \u00a0\u00a0\u00a0 \u00a0\u00a0\u00a0 \u00a0\u00a0\u00a0 universitaire 1972\u00a0\u00a0<br \/>33.\u00a0\u00a0\u00a0 Illizi \u00a0\u00a0\u00a0 Mfissel Youcef\u00a0\u00a0\u00a0 Greffier et docteur en Droit 1981\u00a0\u00a0<br \/>34.\u00a0\u00a0\u00a0 Bordj Bou Arreridj\u00a0\u00a0\u00a0 Es Sghir Kichi\u00a0\u00a0\u00a0\u00a0\u00a0\u00a0\u00a0\u00a0\u00a0\u00a0\u00a0\u00a0\u00a0\u00a0\u00a0\u00a0\u00a0\u00a0\u00a0\u00a0\u00a0\u00a0\u00a0\u00a0\u00a0 \u00a0\u00a0\u00a0 Enseignant retrait\u00e9 1964\u00a0\u00a0\u00a0<br \/>35.\u00a0\u00a0\u00a0 Boumerdes\u00a0\u00a0\u00a0 Zaatchi Salim\u00a0\u00a0\u00a0\u00a0\u00a0\u00a0\u00a0\u00a0\u00a0\u00a0\u00a0\u00a0\u00a0\u00a0\u00a0\u00a0\u00a0\u00a0\u00a0\u00a0\u00a0\u00a0\u00a0\u00a0\u00a0 \u00a0\u00a0\u00a0 Journaliste 1983\u00a0<br \/>36.\u00a0\u00a0\u00a0 El Taref\u00a0\u00a0\u00a0\u00a0\u00a0\u00a0\u00a0\u00a0\u00a0\u00a0\u00a0\u00a0\u00a0\u00a0\u00a0\u00a0\u00a0\u00a0 \u00a0\u00a0\u00a0 Amrani Mourad\u00a0\u00a0\u00a0\u00a0\u00a0\u00a0\u00a0\u00a0\u00a0\u00a0\u00a0\u00a0\u00a0\u00a0\u00a0\u00a0\u00a0\u00a0\u00a0\u00a0\u00a0\u00a0\u00a0 \u00a0\u00a0\u00a0 Enseignant universitaire 1981\u00a0<br \/>37.\u00a0\u00a0\u00a0 Tindouf\u00a0\u00a0\u00a0\u00a0\u00a0\u00a0\u00a0\u00a0\u00a0\u00a0\u00a0\u00a0\u00a0\u00a0\u00a0\u00a0\u00a0\u00a0 \u00a0\u00a0\u00a0 Cherrad Mahmoud\u00a0\u00a0\u00a0\u00a0\u00a0\u00a0\u00a0\u00a0\u00a0\u00a0\u00a0\u00a0\u00a0\u00a0\u00a0\u00a0\u00a0\u00a0\u00a0 \u00a0\u00a0\u00a0 Notaire et docteur en Droit 1961\u00a0<br \/>38.\u00a0\u00a0\u00a0 Tissemsilt\u00a0\u00a0\u00a0 Chouchane Ali\u00a0\u00a0\u00a0\u00a0\u00a0\u00a0\u00a0\u00a0\u00a0\u00a0\u00a0\u00a0\u00a0\u00a0\u00a0\u00a0\u00a0\u00a0\u00a0\u00a0\u00a0\u00a0\u00a0\u00a0\u00a0 \u00a0\u00a0\u00a0 Notaire 1978\u00a0\u00a0<br \/>39.\u00a0\u00a0\u00a0 El Oued\u00a0\u00a0\u00a0 Absi Ali\u00a0\u00a0\u00a0\u00a0\u00a0\u00a0\u00a0\u00a0\u00a0\u00a0\u00a0\u00a0\u00a0\u00a0\u00a0\u00a0\u00a0\u00a0\u00a0 \u00a0\u00a0\u00a0 Enseignant universitaire\u00a0 et docteur \u00a0\u00a0\u00a0 \u00a0\u00a0\u00a0 \u00a0\u00a0\u00a0 \u00a0\u00a0\u00a0 en Sciences \u00e9conomiques 1978\u00a0\u00a0<br \/>40.\u00a0\u00a0\u00a0 Khenchla\u00a0\u00a0\u00a0 Ounissi Bilal\u00a0\u00a0\u00a0\u00a0\u00a0\u00a0\u00a0\u00a0\u00a0\u00a0\u00a0\u00a0\u00a0\u00a0\u00a0\u00a0\u00a0\u00a0\u00a0\u00a0\u00a0\u00a0\u00a0\u00a0\u00a0\u00a0\u00a0\u00a0 \u00a0\u00a0\u00a0 Vice-recteur 1983\u00a0<br \/>41.\u00a0\u00a0\u00a0 Souk Ahras\u00a0\u00a0\u00a0 Athmani Menadi\u00a0\u00a0\u00a0\u00a0\u00a0\u00a0\u00a0\u00a0\u00a0\u00a0\u00a0\u00a0\u00a0\u00a0\u00a0\u00a0\u00a0\u00a0\u00a0\u00a0\u00a0\u00a0 \u00a0\u00a0\u00a0 Professeur en Histoire 1973\u00a0<br \/>42.\u00a0\u00a0\u00a0 Tipaza\u00a0\u00a0\u00a0 Zerguane El Haouass\u00a0\u00a0\u00a0\u00a0\u00a0\u00a0\u00a0\u00a0\u00a0\u00a0\u00a0\u00a0\u00a0\u00a0 \u00a0\u00a0\u00a0 Huissier de justice\u00a0 1959\u00a0<br \/>43.\u00a0\u00a0\u00a0 Mila\u00a0\u00a0\u00a0 Lahchili Nassreddine\u00a0\u00a0\u00a0\u00a0\u00a0\u00a0\u00a0\u00a0\u00a0\u00a0\u00a0\u00a0\u00a0\u00a0\u00a0 \u00a0\u00a0\u00a0 Avocat 1987\u00a0\u00a0\u00a0<br \/>44.\u00a0\u00a0\u00a0 Ain Defla\u00a0\u00a0\u00a0 Salami Mohamed\u00a0\u00a0\u00a0\u00a0\u00a0\u00a0\u00a0\u00a0\u00a0\u00a0\u00a0\u00a0\u00a0\u00a0\u00a0\u00a0\u00a0\u00a0\u00a0\u00a0\u00a0 \u00a0\u00a0\u00a0 Directeur de lyc\u00e9e 1957\u00a0<br \/>45.\u00a0\u00a0\u00a0 Na\u00e2ma\u00a0\u00a0\u00a0 Ben Djedid Fethi\u00a0\u00a0\u00a0\u00a0\u00a0\u00a0\u00a0\u00a0\u00a0\u00a0\u00a0\u00a0\u00a0\u00a0\u00a0\u00a0\u00a0\u00a0\u00a0\u00a0\u00a0\u00a0 \u00a0\u00a0\u00a0 Docteur en Droit 1979\u00a0<br \/>46.\u00a0\u00a0\u00a0 Ain T\u00e9mouchent\u00a0\u00a0\u00a0 Ben Sghir Said\u00a0\u00a0\u00a0 \u00a0\u00a0\u00a0 Pr\u00e9sident du Bureau des\u00a0 activit\u00e9s \u00a0\u00a0\u00a0 \u00a0\u00a0\u00a0 \u00a0\u00a0\u00a0 \u00a0\u00a0\u00a0 sociales et des mouvements \u00a0\u00a0\u00a0 \u00a0\u00a0\u00a0 \u00a0\u00a0\u00a0 \u00a0\u00a0\u00a0 \u00a0\u00a0\u00a0 associatifs 1978<br \/>47.\u00a0\u00a0\u00a0 Gharda\u00efa\u00a0\u00a0\u00a0 Ouled Belkhir El-Chikh\u00a0\u00a0\u00a0 Enseignant universitaire 1973\u00a0\u00a0<br \/>48.\u00a0\u00a0\u00a0 Relizane\u00a0\u00a0\u00a0 Belaalia Menouar\u00a0\u00a0\u00a0 Avocat 1961.<br \/>\u00a0<\/p>\n<p>Auteur: elmoudjahid<br \/>\n<a href=\"http:\/\/www.elmoudjahid.com\/fr\/actualites\/142807\">Cliquez ici pour lire l&rsquo;article depuis sa source.<\/a><\/p>\n","protected":false},"excerpt":{"rendered":"<p>L&rsquo;op\u00e9ration de r\u00e9vision exceptionnelle des listes \u00e9lectorales prendra fin, aujourd\u2019hui. Cette op\u00e9ration, qui intervient en pr\u00e9vision de la tenue prochaine de l\u2019\u00e9lection pr\u00e9sidentielle du 12 d\u00e9cembre 2019, aura donc dur\u00e9 exactement quinze jours, conform\u00e9ment au d\u00e9cret pr\u00e9sidentiel portant convocation du corps \u00e9lectoral. Il faut dire, en effet, que l\u2019article 2 du d\u00e9cret pr\u00e9sidentiel n\u00b019-245, du [&hellip;]<\/p>\n","protected":false},"author":1744,"featured_media":0,"comment_status":"closed","ping_status":"closed","sticky":false,"template":"","format":"standard","meta":{"fifu_image_url":"","fifu_image_alt":"","footnotes":""},"categories":[73,53],"tags":[],"class_list":["post-63494","post","type-post","status-publish","format-standard","hentry","category-actualite","category-algerie"],"_links":{"self":[{"href":"https:\/\/linitiative.ca\/International\/wp-json\/wp\/v2\/posts\/63494","targetHints":{"allow":["GET"]}}],"collection":[{"href":"https:\/\/linitiative.ca\/International\/wp-json\/wp\/v2\/posts"}],"about":[{"href":"https:\/\/linitiative.ca\/International\/wp-json\/wp\/v2\/types\/post"}],"author":[{"embeddable":true,"href":"https:\/\/linitiative.ca\/International\/wp-json\/wp\/v2\/users\/1744"}],"replies":[{"embeddable":true,"href":"https:\/\/linitiative.ca\/International\/wp-json\/wp\/v2\/comments?post=63494"}],"version-history":[{"count":0,"href":"https:\/\/linitiative.ca\/International\/wp-json\/wp\/v2\/posts\/63494\/revisions"}],"wp:attachment":[{"href":"https:\/\/linitiative.ca\/International\/wp-json\/wp\/v2\/media?parent=63494"}],"wp:term":[{"taxonomy":"category","embeddable":true,"href":"https:\/\/linitiative.ca\/International\/wp-json\/wp\/v2\/categories?post=63494"},{"taxonomy":"post_tag","embeddable":true,"href":"https:\/\/linitiative.ca\/International\/wp-json\/wp\/v2\/tags?post=63494"}],"curies":[{"name":"wp","href":"https:\/\/api.w.org\/{rel}","templated":true}]}}