{"id":63496,"date":"2019-10-05T20:00:00","date_gmt":"2019-10-06T00:00:00","guid":{"rendered":"https:\/\/linitiative.ca\/International\/commentaire-responsabilite-historique\/"},"modified":"2019-10-05T20:00:00","modified_gmt":"2019-10-06T00:00:00","slug":"commentaire-responsabilite-historique","status":"publish","type":"post","link":"https:\/\/linitiative.ca\/International\/commentaire-responsabilite-historique\/","title":{"rendered":"Commentaire : Responsabilit\u00e9 historique"},"content":{"rendered":"<p>lL\u2019Autorit\u00e9 nationale ind\u00e9pendante charg\u00e9e de l\u2019organisation des \u00e9lections est sur tous les fronts. Ses membres poursuivent activement leurs activit\u00e9s dans le cadre de la pr\u00e9paration du scrutin du 12 d\u00e9cembre prochain. Le\u2008rythme gagne en intensit\u00e9 au fil des jours et \u00e0 mesure que le date des \u00e9lections avance. A pr\u00e9sent, les membres de cette instance, dot\u00e9e de larges pouvoirs, s\u2019attellent avec d\u00e9termination \u00e0 mettre en \u0153uvre les actions qui rentrent dans le cadre de la premi\u00e8re phase des \u00e9lections, \u00e0 savoir celle relative au retrait des formulaires de souscription aux candidats \u00e0 la candidature.\u00a0 Il s\u2019agit de l\u2019accueil et l\u2019accompagnement de ces postulants qui se pr\u00e9sentent au niveau du si\u00e8ge pour le retrait des documents n\u00e9cessaires pour se porter candidat \u00e0 la pr\u00e9sidentielle. Un immense travail d\u2019explication, de vulgarisation et de sensibilisation est entrepris aupr\u00e8s de tous les concern\u00e9s par les \u00e9lections pour faire conna\u00eetre les proc\u00e9dures et d\u00e9marches, notamment les dispositions nouvellement \u00e9dict\u00e9es dans le cadre de la r\u00e9vision des textes r\u00e9gissant le scrutin. Parall\u00e8lement \u00e0 ce travail, l\u2019Autorit\u00e9 poursuit sa structuration \u00e0 travers notamment la mise en place des commissions au niveau r\u00e9gional et local. Dirig\u00e9e par des coordinateurs de wilayas dont la liste a \u00e9t\u00e9 rendue publique, ces structures auront la charge d\u2019organiser, encadrer et superviser toutes les phases de l\u2019\u00e9lection au niveau des wilayas ainsi qu\u2019au niveau de la communaut\u00e9 \u00e0 l\u2019\u00e9tranger.\u00a0 L\u2019Instance en charge de l\u2019organisation des \u00e9lections dirig\u00e9e par l\u2019ancien ministre de la Justice et Garde des sceaux, Mohamed Charfi, se d\u00e9ploie et \u0153uvre \u00e9nergiquement \u00e0 finaliser la mise en place de toutes les structures et n\u00e9cessaires pour aboutir \u00e0 un fonctionnement optimal et efficace durant toutes les phases.<br \/>Install\u00e9e en septembre dernier, cette instance est actuellement totalement op\u00e9rationnelle et r\u00e9alise un grand travail tant sur le plan mat\u00e9riel qu\u2019organisationnel dans le cadre de ses missions. Ses membres d\u00e9sign\u00e9s s\u2019acquittent de leurs t\u00e2ches et \u0153uvrent avec force et d\u00e9termination \u00e0 la satisfaction des demandes exprim\u00e9es par toutes les parties engag\u00e9es dans cette \u00e9lection et veillent \u00e0 la r\u00e9solution de tous les probl\u00e8mes pos\u00e9s et lever les entraves qui emp\u00eachent le bon d\u00e9roulement des diff\u00e9rentes actions engag\u00e9es sur le terrain. Tout est en r\u00e9alit\u00e9 fait pour r\u00e9unir les conditions n\u00e9cessaires et r\u00e9pondre aux exigences impos\u00e9es par les dispositions de la loi \u00e9lectorale. Il s\u2019agit essentiellement de tout mettre en \u0153uvre pour la r\u00e9ussite de la mission pour laquelle est investie cette instance \u00e0 savoir l\u2019organisation d\u2019un scrutin libre, transparent et r\u00e9gulier. Conscients de cette lourde et historique responsabilit\u00e9, les membres de l\u2019ANIE se montrent ouvertement engag\u00e9s et d\u00e9termin\u00e9s \u00e0 relever le d\u00e9fi en s\u2019investissant pleinement dans cette mission et en intensifiant davantage les efforts pour concr\u00e9tiser l\u2019objectif assign\u00e9 \u00e0 l\u2019instance au sein de laquelle ils si\u00e8gent. Ils travaillent sans rel\u00e2che pour r\u00e9unir toutes les conditions pour une meilleure organisation du scrutin du 12 d\u00e9cembre prochain. Ind\u00e9pendante dans son fonctionnement et ses d\u00e9cisions, l\u2019instance nationale est en voie de r\u00e9ussir l\u2019organisation d\u2019une \u00e9lection sur de nouvelles bases. La premi\u00e8re phase est d\u00e9j\u00e0 franchie avec succ\u00e8s comme le prouve la reconnaissance de la majorit\u00e9 des acteurs et parties int\u00e9ress\u00e9es et concern\u00e9es par les op\u00e9rations \u00e9lectorales. Jouissant d\u2019une grande autonomie et de libert\u00e9, et ayant de larges pouvoirs de d\u00e9cision et d\u2019ex\u00e9cution, l\u2019instance ne m\u00e9nage aucun effort pour la r\u00e9ussite du scrutin qui constitue la vraie et v\u00e9ritable solution \u00e0 la crise politique qui persiste depuis plus de sept mois. La cr\u00e9ation de cette instance ind\u00e9pendante, revendication essentielle des partis de l\u2019opposition notamment, constitue une des garanties, sinon la plus importante, instaur\u00e9e pour garantir la r\u00e9gularit\u00e9 et la transparence du scrutin. La loi \u00e9lectorale r\u00e9cemment r\u00e9vis\u00e9e sur la base des recommandations faites par la commission de dialogue pr\u00e9sid\u00e9e par M. Karim Youn\u00e8s, offre davantage de garanties et pr\u00e9voit des instruments et m\u00e9canismes pour un contr\u00f4le rigoureux et strict durant toutes les \u00e9tapes de l\u2019\u00e9lection.<br \/>M. Oumalek<\/p>\n<p>Auteur: elmoudjahid<br \/>\n<a href=\"http:\/\/www.elmoudjahid.com\/fr\/actualites\/142809\">Cliquez ici pour lire l&rsquo;article depuis sa source.<\/a><\/p>\n","protected":false},"excerpt":{"rendered":"<p>lL\u2019Autorit\u00e9 nationale ind\u00e9pendante charg\u00e9e de l\u2019organisation des \u00e9lections est sur tous les fronts. Ses membres poursuivent activement leurs activit\u00e9s dans le cadre de la pr\u00e9paration du scrutin du 12 d\u00e9cembre prochain. Le\u2008rythme gagne en intensit\u00e9 au fil des jours et \u00e0 mesure que le date des \u00e9lections avance. A pr\u00e9sent, les membres de cette instance, [&hellip;]<\/p>\n","protected":false},"author":1744,"featured_media":0,"comment_status":"closed","ping_status":"closed","sticky":false,"template":"","format":"standard","meta":{"fifu_image_url":"","fifu_image_alt":"","footnotes":""},"categories":[73,53],"tags":[],"class_list":["post-63496","post","type-post","status-publish","format-standard","hentry","category-actualite","category-algerie"],"_links":{"self":[{"href":"https:\/\/linitiative.ca\/International\/wp-json\/wp\/v2\/posts\/63496","targetHints":{"allow":["GET"]}}],"collection":[{"href":"https:\/\/linitiative.ca\/International\/wp-json\/wp\/v2\/posts"}],"about":[{"href":"https:\/\/linitiative.ca\/International\/wp-json\/wp\/v2\/types\/post"}],"author":[{"embeddable":true,"href":"https:\/\/linitiative.ca\/International\/wp-json\/wp\/v2\/users\/1744"}],"replies":[{"embeddable":true,"href":"https:\/\/linitiative.ca\/International\/wp-json\/wp\/v2\/comments?post=63496"}],"version-history":[{"count":0,"href":"https:\/\/linitiative.ca\/International\/wp-json\/wp\/v2\/posts\/63496\/revisions"}],"wp:attachment":[{"href":"https:\/\/linitiative.ca\/International\/wp-json\/wp\/v2\/media?parent=63496"}],"wp:term":[{"taxonomy":"category","embeddable":true,"href":"https:\/\/linitiative.ca\/International\/wp-json\/wp\/v2\/categories?post=63496"},{"taxonomy":"post_tag","embeddable":true,"href":"https:\/\/linitiative.ca\/International\/wp-json\/wp\/v2\/tags?post=63496"}],"curies":[{"name":"wp","href":"https:\/\/api.w.org\/{rel}","templated":true}]}}