{"id":63497,"date":"2019-10-05T20:00:00","date_gmt":"2019-10-06T00:00:00","guid":{"rendered":"https:\/\/linitiative.ca\/International\/accord-dalger-lalgerie-et-le-mali-sengagent-a-accelerer-sa-mise-en-oeuvre\/"},"modified":"2019-10-05T20:00:00","modified_gmt":"2019-10-06T00:00:00","slug":"accord-dalger-lalgerie-et-le-mali-sengagent-a-accelerer-sa-mise-en-oeuvre","status":"publish","type":"post","link":"https:\/\/linitiative.ca\/International\/accord-dalger-lalgerie-et-le-mali-sengagent-a-accelerer-sa-mise-en-oeuvre\/","title":{"rendered":"Accord d\u2019Alger :  L\u2019Alg\u00e9rie et le Mali s\u2019engagent \u00e0 acc\u00e9l\u00e9rer sa mise en \u0153uvre"},"content":{"rendered":"<p><strong>\u00a0Le ministre des Affaires \u00e9trang\u00e8res, Sabri Boukadoum, a affirm\u00e9, hier \u00e0 Alger, que l&rsquo;Accord\u00a0 de paix et de r\u00e9conciliation au Mali, issu du Processus d&rsquo;Alger, est \u00able cadre idoine\u00bb\u00a0 pour le r\u00e8glement de la crise dans le nord du Mali.<\/strong><\/p>\n<p>Dans une d\u00e9claration \u00e0 la presse, \u00e0 l&rsquo;issue de ses entretiens avec le ministre des Affaires \u00e9trang\u00e8res et de la Coop\u00e9ration internationale de la R\u00e9publique du Mali, Ti\u00e9bil\u00e9 Dram\u00e9, M. Boukadoum a indiqu\u00e9 que la rencontre avait permis de \u00abpasser en revue les d\u00e9veloppements de la situation au Mali, et d&rsquo;examiner les voies et moyens \u00e0 m\u00eame de consolider les acquis de la mise en \u0153uvre de l&rsquo;Accord de paix et de r\u00e9conciliation d\u00e9coulant du Processus d&rsquo;Alger\u00bb. Affirmant que \u00abcet accord constitue le cadre idoine pour r\u00e9soudre la crise dans le nord du Mali dans le cadre d&rsquo;une approche inclusive qui allie la concr\u00e9tisation de la paix et de la stabilit\u00e9 et la relance du d\u00e9veloppement dans le pays\u00bb, M. Boukadoum a soulign\u00e9 l&rsquo;importance du r\u00f4le que joue l&rsquo;Alg\u00e9rie en vue d&rsquo;accompagner l&rsquo;Etat malien dans la mise en \u0153uvre des clauses de cet accord, en collaboration avec les diff\u00e9rents acteurs internationaux dans le cadre d&rsquo;un m\u00e9canisme de suivi\u00bb. Notant, par ailleurs, que la visite du responsable malien \u00e9tait la deuxi\u00e8me du genre apr\u00e8s celle qu&rsquo;il avait effectu\u00e9e le 16 juillet dernier, le chef de la diplomatie a indiqu\u00e9 que lors de la rencontre \u00abil a \u00e9t\u00e9 proc\u00e9d\u00e9 \u00e0 l&rsquo;examen des multiples cadres de coop\u00e9ration entre les deux pays\u00bb. \u00abNous avons \u00e9galement convenu de la n\u00e9cessit\u00e9 de travailler ensemble pour la diversification de la coop\u00e9ration bilat\u00e9rale et son \u00e9largissement \u00e0 divers domaines\u00bb, a-t-il conclu.<br \/>L&rsquo;Alg\u00e9rie et le Mali se sont engag\u00e9s \u00e0 \u00abacc\u00e9l\u00e9rer\u00bb la mise en \u0153uvre de l&rsquo;Accord pour la paix et la r\u00e9conciliation au Mali issu du Processus d&rsquo;Alger, a indiqu\u00e9 le ministre malien. Dans une d\u00e9claration \u00e0 la presse \u00e0 l&rsquo;issue de l&rsquo;entretien, M. Dram\u00e9 a salu\u00e9 les efforts de l&rsquo;Alg\u00e9rie \u00abpour restaurer la paix et la stabilit\u00e9 au Mali\u00bb, affirmant que \u00abl&rsquo;Accord pour la paix et la r\u00e9conciliation au Mali issu du Processus d&rsquo;Alger, sign\u00e9 il y a plus de 4 ans, n&rsquo;a pas encore produit tous ses effets\u00bb. \u00abIl y a eu du retard et nous voulons ensemble rattraper le temps perdu. Nous avons, donc, r\u00e9it\u00e9r\u00e9 notre engagement commun \u00e0 ne rien m\u00e9nager pour que cet accord soit mis en \u0153uvre avec le soutien des pays voisins et de la communaut\u00e9 internationale\u00bb, a-t-il relev\u00e9, affirmant que sa visite \u00e0 Alger visait \u00e0 \u00abrelancer et acc\u00e9l\u00e9rer le processus de paix et de stabilisation du Mali\u00bb. Le chef de la diplomatie malienne a rappel\u00e9, dans ce sens, que \u00abl&rsquo;Accord d&rsquo;Alger est un instrument capital, qui \u00e9nonce le respect par tous de l&rsquo;int\u00e9grit\u00e9 territoriale du Mali, de son unit\u00e9 nationale et de sa souverainet\u00e9 sur l&rsquo;ensemble de son territoire\u00bb. \u00abSur le plan militaire, nous avan\u00e7ons beaucoup\u00bb, s&rsquo;est-il f\u00e9licit\u00e9, rappelant que \u00abl&rsquo;Accord d&rsquo;Alger a, dans ce sens, pr\u00e9conis\u00e9, et c&rsquo;est d\u00e9j\u00e0 une r\u00e9alit\u00e9, des forces arm\u00e9es nationales reconstitu\u00e9es dont les premi\u00e8res unit\u00e9s sont sorties d\u00e9but septembre dernier et vont \u00eatre d\u00e9ploy\u00e9es incessamment par l&rsquo;\u00e9tat-major malien\u00bb. Il a expliqu\u00e9 que \u00ables anciens membres des forces arm\u00e9es, au nombre de 660, sont revenus au sein des forces\u00bb, appelant \u00e0 \u00abacc\u00e9l\u00e9rer la cadence pour que ces forces apportent toute leur contribution \u00e0 la s\u00e9curisation du territoire malien\u00bb. \u00abNous allons vers un dialogue national inter-malien et nous voulons renforcer les bases du consensus inter-malien avec tous nos fr\u00e8res de\u00a0\u00a0\u00a0\u00a0\u00a0\u00a0\u00a0\u00a0\u00a0\u00a0\u00a0\u00a0\u00a0\u00a0\u00a0\u00a0\u00a0\u00a0\u00a0\u00a0 toutes les r\u00e9gions du Mali\u00bb,\u00a0 a-t-il ajout\u00e9.<\/p>\n<p>Auteur: elmoudjahid<br \/>\n<a href=\"http:\/\/www.elmoudjahid.com\/fr\/actualites\/142810\">Cliquez ici pour lire l&rsquo;article depuis sa source.<\/a><\/p>\n","protected":false},"excerpt":{"rendered":"<p>\u00a0Le ministre des Affaires \u00e9trang\u00e8res, Sabri Boukadoum, a affirm\u00e9, hier \u00e0 Alger, que l&rsquo;Accord\u00a0 de paix et de r\u00e9conciliation au Mali, issu du Processus d&rsquo;Alger, est \u00able cadre idoine\u00bb\u00a0 pour le r\u00e8glement de la crise dans le nord du Mali. Dans une d\u00e9claration \u00e0 la presse, \u00e0 l&rsquo;issue de ses entretiens avec le ministre des [&hellip;]<\/p>\n","protected":false},"author":1744,"featured_media":0,"comment_status":"closed","ping_status":"closed","sticky":false,"template":"","format":"standard","meta":{"fifu_image_url":"","fifu_image_alt":"","footnotes":""},"categories":[73,53],"tags":[],"class_list":["post-63497","post","type-post","status-publish","format-standard","hentry","category-actualite","category-algerie"],"_links":{"self":[{"href":"https:\/\/linitiative.ca\/International\/wp-json\/wp\/v2\/posts\/63497","targetHints":{"allow":["GET"]}}],"collection":[{"href":"https:\/\/linitiative.ca\/International\/wp-json\/wp\/v2\/posts"}],"about":[{"href":"https:\/\/linitiative.ca\/International\/wp-json\/wp\/v2\/types\/post"}],"author":[{"embeddable":true,"href":"https:\/\/linitiative.ca\/International\/wp-json\/wp\/v2\/users\/1744"}],"replies":[{"embeddable":true,"href":"https:\/\/linitiative.ca\/International\/wp-json\/wp\/v2\/comments?post=63497"}],"version-history":[{"count":0,"href":"https:\/\/linitiative.ca\/International\/wp-json\/wp\/v2\/posts\/63497\/revisions"}],"wp:attachment":[{"href":"https:\/\/linitiative.ca\/International\/wp-json\/wp\/v2\/media?parent=63497"}],"wp:term":[{"taxonomy":"category","embeddable":true,"href":"https:\/\/linitiative.ca\/International\/wp-json\/wp\/v2\/categories?post=63497"},{"taxonomy":"post_tag","embeddable":true,"href":"https:\/\/linitiative.ca\/International\/wp-json\/wp\/v2\/tags?post=63497"}],"curies":[{"name":"wp","href":"https:\/\/api.w.org\/{rel}","templated":true}]}}