{"id":63498,"date":"2019-10-05T20:00:00","date_gmt":"2019-10-06T00:00:00","guid":{"rendered":"https:\/\/linitiative.ca\/International\/elimination-du-responsable-dun-groupe-terroriste-a-ain-defla\/"},"modified":"2019-10-05T20:00:00","modified_gmt":"2019-10-06T00:00:00","slug":"elimination-du-responsable-dun-groupe-terroriste-a-ain-defla","status":"publish","type":"post","link":"https:\/\/linitiative.ca\/International\/elimination-du-responsable-dun-groupe-terroriste-a-ain-defla\/","title":{"rendered":"\u00c9limination du responsable  d\u2019un groupe terroriste \u00e0 A\u00efn Defla"},"content":{"rendered":"<p>Le terroriste \u00e9limin\u00e9 vendredi dernier \u00e0 Djebel Amrouna, aux environs de la commune de Djemaat Ouled Chikh dans la wilaya d\u2019A\u00efn Defla, par un d\u00e9tachement de l\u2019Arm\u00e9e nationale populaire (ANP) a \u00e9t\u00e9 identifi\u00e9. \u00abIl s&rsquo;agit de \u2018\u2018Hbal Ibrahim\u2019\u2019 alias \u2018\u2018Abdelhafid Abou Temmam\u2019\u2019 n\u00e9 le 12 mai 1964 \u00e0 Aziz dans la wilaya de M\u00e9d\u00e9a, responsable d&rsquo;un groupe terroriste. Il avait ralli\u00e9 les groupes terroristes en 1994\u00bb. L&rsquo;op\u00e9ration men\u00e9e vendredi par un d\u00e9tachement de l&rsquo;ANP, dans le cadre de la lutte antiterroriste, a permis \u00e9galement \u00abla r\u00e9cup\u00e9ration d&rsquo;un pistolet-mitrailleur de type Kalachnikov, deux chargeurs et une quantit\u00e9 de munition\u00bb. Deux caches pour terroristes contenant des subsistances de vivre et divers objets ont \u00e9t\u00e9, en outre, d\u00e9couvertes et d\u00e9truites par un d\u00e9tachement de l&rsquo;ANP lors d&rsquo;une op\u00e9ration de recherche et de ratissage men\u00e9e \u00e0 A\u00efn Defla (1re RM), a-t-on ajout\u00e9. Un \u00e9l\u00e9ment de soutien aux groupes terroristes a \u00e9t\u00e9 \u00e9galement arr\u00eat\u00e9, a soulign\u00e9 le MDN. Par ailleurs, 160 kilogrammes de kif trait\u00e9 ont \u00e9t\u00e9 saisis par des Garde-c\u00f4tes \u00e0 Mostaganem (2e RM), alors que 2 marteaux-piqueurs ont \u00e9t\u00e9 saisis par un d\u00e9tachement de l&rsquo;ANP \u00e0 Bordj-Badji Mokhtar (6e RM). Dans le cadre de la lutte contre l&rsquo;immigration clandestine, des d\u00e9tachements de l&rsquo;ANP ont arr\u00eat\u00e9 16 immigrants clandestins de diff\u00e9rentes nationalit\u00e9s \u00e0 Tlemcen (2e RM), Biskra (4e RM) et Annaba (5e RM).<\/p>\n<p>Auteur: elmoudjahid<br \/>\n<a href=\"http:\/\/www.elmoudjahid.com\/fr\/actualites\/142811\">Cliquez ici pour lire l&rsquo;article depuis sa source.<\/a><\/p>\n","protected":false},"excerpt":{"rendered":"<p>Le terroriste \u00e9limin\u00e9 vendredi dernier \u00e0 Djebel Amrouna, aux environs de la commune de Djemaat Ouled Chikh dans la wilaya d\u2019A\u00efn Defla, par un d\u00e9tachement de l\u2019Arm\u00e9e nationale populaire (ANP) a \u00e9t\u00e9 identifi\u00e9. \u00abIl s&rsquo;agit de \u2018\u2018Hbal Ibrahim\u2019\u2019 alias \u2018\u2018Abdelhafid Abou Temmam\u2019\u2019 n\u00e9 le 12 mai 1964 \u00e0 Aziz dans la wilaya de M\u00e9d\u00e9a, responsable [&hellip;]<\/p>\n","protected":false},"author":1744,"featured_media":0,"comment_status":"closed","ping_status":"closed","sticky":false,"template":"","format":"standard","meta":{"fifu_image_url":"","fifu_image_alt":"","footnotes":""},"categories":[73,53],"tags":[],"class_list":["post-63498","post","type-post","status-publish","format-standard","hentry","category-actualite","category-algerie"],"_links":{"self":[{"href":"https:\/\/linitiative.ca\/International\/wp-json\/wp\/v2\/posts\/63498","targetHints":{"allow":["GET"]}}],"collection":[{"href":"https:\/\/linitiative.ca\/International\/wp-json\/wp\/v2\/posts"}],"about":[{"href":"https:\/\/linitiative.ca\/International\/wp-json\/wp\/v2\/types\/post"}],"author":[{"embeddable":true,"href":"https:\/\/linitiative.ca\/International\/wp-json\/wp\/v2\/users\/1744"}],"replies":[{"embeddable":true,"href":"https:\/\/linitiative.ca\/International\/wp-json\/wp\/v2\/comments?post=63498"}],"version-history":[{"count":0,"href":"https:\/\/linitiative.ca\/International\/wp-json\/wp\/v2\/posts\/63498\/revisions"}],"wp:attachment":[{"href":"https:\/\/linitiative.ca\/International\/wp-json\/wp\/v2\/media?parent=63498"}],"wp:term":[{"taxonomy":"category","embeddable":true,"href":"https:\/\/linitiative.ca\/International\/wp-json\/wp\/v2\/categories?post=63498"},{"taxonomy":"post_tag","embeddable":true,"href":"https:\/\/linitiative.ca\/International\/wp-json\/wp\/v2\/tags?post=63498"}],"curies":[{"name":"wp","href":"https:\/\/api.w.org\/{rel}","templated":true}]}}