{"id":63503,"date":"2019-10-06T13:53:29","date_gmt":"2019-10-06T17:53:29","guid":{"rendered":"https:\/\/linitiative.ca\/International\/95307-cyclisme-jo-2020-qualifications-reguigui-fait-gagner-100-points-a-l-algerie\/"},"modified":"2019-10-06T13:53:29","modified_gmt":"2019-10-06T17:53:29","slug":"95307-cyclisme-jo-2020-qualifications-reguigui-fait-gagner-100-points-a-l-algerie","status":"publish","type":"post","link":"https:\/\/linitiative.ca\/International\/95307-cyclisme-jo-2020-qualifications-reguigui-fait-gagner-100-points-a-l-algerie\/","title":{"rendered":"Cyclisme\/JO-2020 &#8211; Qualifications : Reguigui fait gagner 100 points \u00e0 l&rsquo;Alg\u00e9rie"},"content":{"rendered":"<div readability=\"38\">\n<p><strong>TABRIZ (Iran) &#8211; L&rsquo;Alg\u00e9rien Youcef Reguigui, auteur de la 3e place au Tour cycliste d&rsquo;Iran, a fait gagner 100 points \u00e0 sa s\u00e9lection nationale dans le Ranking qualificatif aux prochains Jeux Olympiques de Tokyo, ce qui repr\u00e9sente une bonne nouvelle dans la perspective de qualifier un deuxi\u00e8me alg\u00e9rien pour ces olympiades d&rsquo;\u00e9t\u00e9.<\/strong><\/p>\n<\/div>\n<div readability=\"76.6990291262\">\n<p>Le soci\u00e9taire de l&rsquo;\u00e9quipe malaisienne Terengganu Pro-Asia-cycling a termin\u00e9 en effet \u00e0 la troisi\u00e8me place au classement g\u00e9n\u00e9ral de cette comp\u00e9tition, apr\u00e8s le d\u00e9compte final, effectu\u00e9 \u00e0 l&rsquo;issue de la cinqui\u00e8me et derni\u00e8re \u00e9tape, disput\u00e9e ce dimanche, sur une distance de 188 kilom\u00e8tres entre Sarein et Tabriz.<\/p>\n<blockquote readability=\"9\">\n<p><em><strong>Une moisson qui tombe \u00e0 pic pour la s\u00e9lection alg\u00e9rienne, apr\u00e8s le report \u00e0 une date ult\u00e9rieure de la Coupe d&rsquo;Afrique des nations, pr\u00e9vue du 9 au 13 octobre courant, en Afrique du Sud.<\/strong><\/em><\/p>\n<\/blockquote>\n<p>Une comp\u00e9tition pendant laquelle la s\u00e9lection alg\u00e9rienne esp\u00e9rait r\u00e9colter un maximum de points pour augmenter ses chances de rester parmi les trente premi\u00e8res nations dans le Ranking des JO, synonyme de qualification pour un deuxi\u00e8me athl\u00e8te alg\u00e9rien \u00e0 Tokyo.<\/p>\n<hr\/>\n<h4 class=\"allmode-title\">Lire aussi:\u00a0<a href=\"http:\/\/www.aps.dz\/sport\/95289-cyclisme-tour-international-d-iran-4e-etape-l-algerien-reguigui-en-4e-position\">Cyclisme \/ Tour international d&rsquo;Iran (4e \u00e9tape): l&rsquo;Alg\u00e9rien Reguigui en 4e position<\/a><\/h4>\n<hr\/>\n<p>Avant ce tour d&rsquo;Iran, la s\u00e9lection alg\u00e9rienne \u00e9tait 29e, et les 100 nouveaux points ramen\u00e9s par Reguigui vont l&rsquo;aider \u00e0 consolider cette position, en attendant le Tour cycliste du Cameroun, pr\u00e9vu 16 au 21 octobre courant, et qui apr\u00e8s le report de la Coupe d&rsquo;Afrique en Afrique du Sud constituera la derni\u00e8re chance pour la s\u00e9lection alg\u00e9rienne de se maintenir dans une position favorable, pour qualifier un deuxi\u00e8me athl\u00e8te pour Tokyo, et ce, avant la date butoir, fix\u00e9e au 22 octobre.<\/p>\n<p>Reguigui avait r\u00e9ussi un assez bon parcours en Iran, car apr\u00e8s avoir pris la deuxi\u00e8me place lors de la premi\u00e8re \u00e9tape, il avait remport\u00e9 la seconde, avant de r\u00e9gresser un peu dans la suivante, en occupant la 6e place lors de la troisi\u00e8me \u00e9tape, puis \u00e0 la quatri\u00e8me place lors de la quatri\u00e8me \u00e9tape, avant de remonter \u00e0 la troisi\u00e8me place lors de la cinqui\u00e8me et derni\u00e8re \u00e9tape, disput\u00e9e ce dimanche.<\/p>\n<p>Le classement qualificatif aux Jeux Olympiques de Tokyo est domin\u00e9 par la Belgique, devant l&rsquo;Italie (2e) et la France (3e), alors que sur le sur le plan africain, la s\u00e9lection alg\u00e9rienne est devanc\u00e9e par l&rsquo;Afrique du Sud (13e) et l&rsquo;Erythr\u00e9e (23e).<\/p>\n<\/div>\n<p>Auteur:<br \/>\n<a href=\"http:\/\/www.aps.dz\/sport\/95307-cyclisme-jo-2020-qualifications-reguigui-fait-gagner-100-points-a-l-algerie?utm_source=feedburner&#038;utm_medium=feed&#038;utm_campaign=Feed%3A+aps-sport+%28APS+-+SPORT%29\">Cliquez ici pour lire l&rsquo;article depuis sa source.<\/a><\/p>\n","protected":false},"excerpt":{"rendered":"<p>TABRIZ (Iran) &#8211; L&rsquo;Alg\u00e9rien Youcef Reguigui, auteur de la 3e place au Tour cycliste d&rsquo;Iran, a fait gagner 100 points \u00e0 sa s\u00e9lection nationale dans le Ranking qualificatif aux prochains Jeux Olympiques de Tokyo, ce qui repr\u00e9sente une bonne nouvelle dans la perspective de qualifier un deuxi\u00e8me alg\u00e9rien pour ces olympiades d&rsquo;\u00e9t\u00e9. Le soci\u00e9taire de [&hellip;]<\/p>\n","protected":false},"author":1790,"featured_media":0,"comment_status":"closed","ping_status":"closed","sticky":false,"template":"","format":"standard","meta":{"fifu_image_url":"","fifu_image_alt":"","footnotes":""},"categories":[53,75],"tags":[],"class_list":["post-63503","post","type-post","status-publish","format-standard","hentry","category-algerie","category-sport"],"_links":{"self":[{"href":"https:\/\/linitiative.ca\/International\/wp-json\/wp\/v2\/posts\/63503","targetHints":{"allow":["GET"]}}],"collection":[{"href":"https:\/\/linitiative.ca\/International\/wp-json\/wp\/v2\/posts"}],"about":[{"href":"https:\/\/linitiative.ca\/International\/wp-json\/wp\/v2\/types\/post"}],"author":[{"embeddable":true,"href":"https:\/\/linitiative.ca\/International\/wp-json\/wp\/v2\/users\/1790"}],"replies":[{"embeddable":true,"href":"https:\/\/linitiative.ca\/International\/wp-json\/wp\/v2\/comments?post=63503"}],"version-history":[{"count":0,"href":"https:\/\/linitiative.ca\/International\/wp-json\/wp\/v2\/posts\/63503\/revisions"}],"wp:attachment":[{"href":"https:\/\/linitiative.ca\/International\/wp-json\/wp\/v2\/media?parent=63503"}],"wp:term":[{"taxonomy":"category","embeddable":true,"href":"https:\/\/linitiative.ca\/International\/wp-json\/wp\/v2\/categories?post=63503"},{"taxonomy":"post_tag","embeddable":true,"href":"https:\/\/linitiative.ca\/International\/wp-json\/wp\/v2\/tags?post=63503"}],"curies":[{"name":"wp","href":"https:\/\/api.w.org\/{rel}","templated":true}]}}