{"id":63504,"date":"2019-10-06T13:38:00","date_gmt":"2019-10-06T17:38:00","guid":{"rendered":"https:\/\/linitiative.ca\/International\/presidentielle-du-12-decembre-le-parti-taj-annonce-sa-participation\/"},"modified":"2019-10-06T13:38:00","modified_gmt":"2019-10-06T17:38:00","slug":"presidentielle-du-12-decembre-le-parti-taj-annonce-sa-participation","status":"publish","type":"post","link":"https:\/\/linitiative.ca\/International\/presidentielle-du-12-decembre-le-parti-taj-annonce-sa-participation\/","title":{"rendered":"PRESIDENTIELLE DU 12 DECEMBRE   : Le parti TAJ annonce  sa participation"},"content":{"rendered":"<p><br id=\"sep_para_1\" class=\"sep_para access\"\/><\/p>\n<div id=\"para_1\" class=\"para_33364201 resize\">\n<div class=\"texte access firstletter\">Le Conseil national du parti Tajamou Amel El-Djaza\u00efr (TAJ) a d\u00e9cid\u00e9 ce samedi de participer \u00e0 la Pr\u00e9sidentielle pr\u00e9vue le 12 d\u00e9cembre prochain, mandatant son bureau politique pour d\u00e9finir les modalit\u00e9s et m\u00e9canismes de sa participation, a indiqu\u00e9 un communiqu\u00e9 de TAJ. R\u00e9uni en session extraordinaire au si\u00e8ge du parti \u00e0 Dely Brahim pour passer en revue les derniers d\u00e9veloppements de la sc\u00e8ne politique et examiner la situation interne du parti, le Conseil national de TAJ \u00ab a d\u00e9cid\u00e9, unanimement, de participer au scrutin pr\u00e9sidentiel, et de mandater son Bureau politique pour d\u00e9finir les modalit\u00e9s et les m\u00e9canismes de sa participation \u00bb, a pr\u00e9cis\u00e9 le communiqu\u00e9, dont une copie est parvenue \u00e0 l\u2019APS. Dans ce contexte, le Conseil national du parti TAJ a en effet exhort\u00e9 le peuple alg\u00e9rien \u00e0 \u00ab prendre part \u00e0 ce rendez-vous \u00e9lectoral pour mener \u00e0 bien cette halte historique et permettre au pays une sortie de la situation actuelle \u00bb, appelant \u00ab les militantes et militants \u00e0 y adh\u00e9rer massivement pour r\u00e9ussir le choix du parti lors de cette \u00e9ch\u00e9ance \u00bb, a ajout\u00e9 la m\u00eame source. A noter que lors de cette session extraordinaire, o\u00f9 il a \u00e9t\u00e9 d\u00e9cid\u00e9 d\u2019organiser \u00ab un Congr\u00e8s national extraordinaire apr\u00e8s la tenue de la prochaine Pr\u00e9sidentielle, M. Abdelhalim Abdelouahab a \u00e9t\u00e9 pl\u00e9biscit\u00e9 pr\u00e9sident de TAJ par int\u00e9rim \u00bb.<\/div>\n<\/div>\n<p>Auteur: Ismain<br \/>\n<a href=\"https:\/\/www.reflexiondz.net\/PRESIDENTIELLE-DU-12-DECEMBRE-Le-parti-TAJ-annonce-sa-participation_a58052.html\">Cliquez ici pour lire l&rsquo;article depuis sa source.<\/a><\/p>\n","protected":false},"excerpt":{"rendered":"<p>Le Conseil national du parti Tajamou Amel El-Djaza\u00efr (TAJ) a d\u00e9cid\u00e9 ce samedi de participer \u00e0 la Pr\u00e9sidentielle pr\u00e9vue le 12 d\u00e9cembre prochain, mandatant son bureau politique pour d\u00e9finir les modalit\u00e9s et m\u00e9canismes de sa participation, a indiqu\u00e9 un communiqu\u00e9 de TAJ. R\u00e9uni en session extraordinaire au si\u00e8ge du parti \u00e0 Dely Brahim pour passer [&hellip;]<\/p>\n","protected":false},"author":1740,"featured_media":0,"comment_status":"closed","ping_status":"closed","sticky":false,"template":"","format":"standard","meta":{"fifu_image_url":"","fifu_image_alt":"","footnotes":""},"categories":[53,76],"tags":[],"class_list":["post-63504","post","type-post","status-publish","format-standard","hentry","category-algerie","category-regions"],"_links":{"self":[{"href":"https:\/\/linitiative.ca\/International\/wp-json\/wp\/v2\/posts\/63504","targetHints":{"allow":["GET"]}}],"collection":[{"href":"https:\/\/linitiative.ca\/International\/wp-json\/wp\/v2\/posts"}],"about":[{"href":"https:\/\/linitiative.ca\/International\/wp-json\/wp\/v2\/types\/post"}],"author":[{"embeddable":true,"href":"https:\/\/linitiative.ca\/International\/wp-json\/wp\/v2\/users\/1740"}],"replies":[{"embeddable":true,"href":"https:\/\/linitiative.ca\/International\/wp-json\/wp\/v2\/comments?post=63504"}],"version-history":[{"count":0,"href":"https:\/\/linitiative.ca\/International\/wp-json\/wp\/v2\/posts\/63504\/revisions"}],"wp:attachment":[{"href":"https:\/\/linitiative.ca\/International\/wp-json\/wp\/v2\/media?parent=63504"}],"wp:term":[{"taxonomy":"category","embeddable":true,"href":"https:\/\/linitiative.ca\/International\/wp-json\/wp\/v2\/categories?post=63504"},{"taxonomy":"post_tag","embeddable":true,"href":"https:\/\/linitiative.ca\/International\/wp-json\/wp\/v2\/tags?post=63504"}],"curies":[{"name":"wp","href":"https:\/\/api.w.org\/{rel}","templated":true}]}}