{"id":63505,"date":"2019-10-06T13:38:00","date_gmt":"2019-10-06T17:38:00","guid":{"rendered":"https:\/\/linitiative.ca\/International\/aeroport-ahmed-ben-bella-doran-saisie-dune-importante-somme-dargent\/"},"modified":"2019-10-06T13:38:00","modified_gmt":"2019-10-06T17:38:00","slug":"aeroport-ahmed-ben-bella-doran-saisie-dune-importante-somme-dargent","status":"publish","type":"post","link":"https:\/\/linitiative.ca\/International\/aeroport-ahmed-ben-bella-doran-saisie-dune-importante-somme-dargent\/","title":{"rendered":"AEROPORT AHMED BEN BELLA D\u2019ORAN : Saisie d\u2019une importante  somme d\u2019argent"},"content":{"rendered":"<p><br id=\"sep_para_1\" class=\"sep_para access\"\/><\/p>\n<div id=\"para_1\" class=\"para_33364198 resize\">\n<div class=\"texte access firstletter\">Les \u00e9l\u00e9ments de la Police alg\u00e9rienne des fronti\u00e8res (PAF) ont proc\u00e9d\u00e9 \u00e0 l\u2019arrestation d\u2019un homme, \u00e2g\u00e9 d\u2019une trentaine d\u2019ann\u00e9es, qui s\u2019appr\u00eatait \u00e0 quitter l\u2019a\u00e9roport international d\u2019Oran Ahmed Ben Bella, en possession d\u2019importantes sommes en dinars et en devises non d\u00e9clar\u00e9es, a-t-on appris ce samedi de source locale. Selon la m\u00eame source, le mis en cause a \u00e9t\u00e9 appr\u00e9hend\u00e9 alors qu\u2019il tentait de quitter le territoire nationale en direction de Paris, en France. En effet, apr\u00e8s une fouille minutieuse, les agents de la PAF de l\u2019a\u00e9roport d\u2019Oran ont r\u00e9cup\u00e9r\u00e9 au total \u00ab 200 millions de centimes de dinars, 2000 dollars et 500 euros \u00bb aupr\u00e8s du pr\u00e9venu, pr\u00e9cise la source. Suite \u00e0 son interpellation, le suspect a \u00e9t\u00e9 inculp\u00e9 pour infraction \u00e0 la l\u00e9gislation et \u00e0 la r\u00e9glementation des changes et des mouvements de capitaux \u2018\u2019de et vers\u2019\u2019 l\u2019\u00e9tranger. Le montant saisi en devise a \u00e9t\u00e9 aussit\u00f4t transf\u00e9r\u00e9 aux services comp\u00e9tents pour finaliser les proc\u00e9dures l\u00e9gales. Il faut souligner que face \u00e0 la r\u00e9currence des tentatives de transfert illicite de devises de l\u2019Alg\u00e9rie vers l\u2019\u00e9tranger, et les risques de fuite de certaines personnalit\u00e9s qui font actuellement l\u2019objet d\u2019interdiction de quitter le territoire national (ISTN), l\u2019Alg\u00e9rie a d\u00e9cid\u00e9 de renforcer ses contr\u00f4les aux fronti\u00e8res.<\/div>\n<\/div>\n<p>Auteur: Ismain<br \/>\n<a href=\"https:\/\/www.reflexiondz.net\/AEROPORT-AHMED-BEN-BELLA-D-ORAN-Saisie-d-une-importante-somme-d-argent_a58051.html\">Cliquez ici pour lire l&rsquo;article depuis sa source.<\/a><\/p>\n","protected":false},"excerpt":{"rendered":"<p>Les \u00e9l\u00e9ments de la Police alg\u00e9rienne des fronti\u00e8res (PAF) ont proc\u00e9d\u00e9 \u00e0 l\u2019arrestation d\u2019un homme, \u00e2g\u00e9 d\u2019une trentaine d\u2019ann\u00e9es, qui s\u2019appr\u00eatait \u00e0 quitter l\u2019a\u00e9roport international d\u2019Oran Ahmed Ben Bella, en possession d\u2019importantes sommes en dinars et en devises non d\u00e9clar\u00e9es, a-t-on appris ce samedi de source locale. Selon la m\u00eame source, le mis en cause [&hellip;]<\/p>\n","protected":false},"author":1740,"featured_media":0,"comment_status":"closed","ping_status":"closed","sticky":false,"template":"","format":"standard","meta":{"fifu_image_url":"","fifu_image_alt":"","footnotes":""},"categories":[53,76],"tags":[],"class_list":["post-63505","post","type-post","status-publish","format-standard","hentry","category-algerie","category-regions"],"_links":{"self":[{"href":"https:\/\/linitiative.ca\/International\/wp-json\/wp\/v2\/posts\/63505","targetHints":{"allow":["GET"]}}],"collection":[{"href":"https:\/\/linitiative.ca\/International\/wp-json\/wp\/v2\/posts"}],"about":[{"href":"https:\/\/linitiative.ca\/International\/wp-json\/wp\/v2\/types\/post"}],"author":[{"embeddable":true,"href":"https:\/\/linitiative.ca\/International\/wp-json\/wp\/v2\/users\/1740"}],"replies":[{"embeddable":true,"href":"https:\/\/linitiative.ca\/International\/wp-json\/wp\/v2\/comments?post=63505"}],"version-history":[{"count":0,"href":"https:\/\/linitiative.ca\/International\/wp-json\/wp\/v2\/posts\/63505\/revisions"}],"wp:attachment":[{"href":"https:\/\/linitiative.ca\/International\/wp-json\/wp\/v2\/media?parent=63505"}],"wp:term":[{"taxonomy":"category","embeddable":true,"href":"https:\/\/linitiative.ca\/International\/wp-json\/wp\/v2\/categories?post=63505"},{"taxonomy":"post_tag","embeddable":true,"href":"https:\/\/linitiative.ca\/International\/wp-json\/wp\/v2\/tags?post=63505"}],"curies":[{"name":"wp","href":"https:\/\/api.w.org\/{rel}","templated":true}]}}