{"id":63506,"date":"2019-10-06T13:40:00","date_gmt":"2019-10-06T17:40:00","guid":{"rendered":"https:\/\/linitiative.ca\/International\/lapn-recupere-un-vehicule-confisque-par-tliba\/"},"modified":"2019-10-06T13:40:00","modified_gmt":"2019-10-06T17:40:00","slug":"lapn-recupere-un-vehicule-confisque-par-tliba","status":"publish","type":"post","link":"https:\/\/linitiative.ca\/International\/lapn-recupere-un-vehicule-confisque-par-tliba\/","title":{"rendered":"L\u2019APN r\u00e9cup\u00e8re un v\u00e9hicule confisqu\u00e9 par Tliba"},"content":{"rendered":"<p><br id=\"sep_para_1\" class=\"sep_para access\"\/><\/p>\n<div id=\"para_1\" class=\"para_33364204 resize\">\n<div class=\"texte access firstletter\">L\u2019Assembl\u00e9e populaire nationale (APN) a pu r\u00e9cup\u00e9rer un des deux v\u00e9hicules de service pris de force et confisqu\u00e9s par l\u2019ancien d\u00e9put\u00e9 de Annaba et ancien vice-pr\u00e9sident de l\u2019APN, Baha Eddine Tliba. Ainsi, le v\u00e9hicule de marque Skoda a \u00e9t\u00e9 r\u00e9cup\u00e9r\u00e9 au niveau de Annaba, alors que le deuxi\u00e8me v\u00e9hicule de marque Passat, a compl\u00e8tement disparu, selon la cha\u00eene TV priv\u00e9e El Hayat qui rapporte l\u2019information. Tliba avait pris ces deux v\u00e9hicules au temps o\u00f9 il \u00e9tait vice-pr\u00e9sident de l\u2019APN sous l\u2019\u00e8re du pr\u00e9sident de l\u2019Assembl\u00e9e, Mohamed Larbi Ould Khalifa (2012-2017). Les deux pr\u00e9sidents de l\u2019actuelle l\u00e9gislature, Said Bouhadja et Mouad Bouchareb avaient saisi Tliba par \u00e9crit afin qu\u2019il restitue ces v\u00e9hicules, mais les tentatives de l\u2019APN \u00e9taient rest\u00e9es vaines dans la mesure o\u00f9 Tliba b\u00e9n\u00e9ficiait de la protection de ce qui est appel\u00e9 la bande (3issab). Il faut relever aussi que plusieurs vice-pr\u00e9sidents de l\u2019APN et pr\u00e9sidents des commissions sp\u00e9cialis\u00e9es de l\u2019Assembl\u00e9e n\u2019ont pas restitu\u00e9 les v\u00e9hicules qu\u2019ils avaient pris.<\/div>\n<\/div>\n<p>Auteur: R\u00e9flexion<br \/>\n<a href=\"https:\/\/www.reflexiondz.net\/L-APN-recupere-un-vehicule-confisque-par-Tliba_a58054.html\">Cliquez ici pour lire l&rsquo;article depuis sa source.<\/a><\/p>\n","protected":false},"excerpt":{"rendered":"<p>L\u2019Assembl\u00e9e populaire nationale (APN) a pu r\u00e9cup\u00e9rer un des deux v\u00e9hicules de service pris de force et confisqu\u00e9s par l\u2019ancien d\u00e9put\u00e9 de Annaba et ancien vice-pr\u00e9sident de l\u2019APN, Baha Eddine Tliba. Ainsi, le v\u00e9hicule de marque Skoda a \u00e9t\u00e9 r\u00e9cup\u00e9r\u00e9 au niveau de Annaba, alors que le deuxi\u00e8me v\u00e9hicule de marque Passat, a compl\u00e8tement disparu, [&hellip;]<\/p>\n","protected":false},"author":1740,"featured_media":0,"comment_status":"closed","ping_status":"closed","sticky":false,"template":"","format":"standard","meta":{"fifu_image_url":"","fifu_image_alt":"","footnotes":""},"categories":[53,76],"tags":[],"class_list":["post-63506","post","type-post","status-publish","format-standard","hentry","category-algerie","category-regions"],"_links":{"self":[{"href":"https:\/\/linitiative.ca\/International\/wp-json\/wp\/v2\/posts\/63506","targetHints":{"allow":["GET"]}}],"collection":[{"href":"https:\/\/linitiative.ca\/International\/wp-json\/wp\/v2\/posts"}],"about":[{"href":"https:\/\/linitiative.ca\/International\/wp-json\/wp\/v2\/types\/post"}],"author":[{"embeddable":true,"href":"https:\/\/linitiative.ca\/International\/wp-json\/wp\/v2\/users\/1740"}],"replies":[{"embeddable":true,"href":"https:\/\/linitiative.ca\/International\/wp-json\/wp\/v2\/comments?post=63506"}],"version-history":[{"count":0,"href":"https:\/\/linitiative.ca\/International\/wp-json\/wp\/v2\/posts\/63506\/revisions"}],"wp:attachment":[{"href":"https:\/\/linitiative.ca\/International\/wp-json\/wp\/v2\/media?parent=63506"}],"wp:term":[{"taxonomy":"category","embeddable":true,"href":"https:\/\/linitiative.ca\/International\/wp-json\/wp\/v2\/categories?post=63506"},{"taxonomy":"post_tag","embeddable":true,"href":"https:\/\/linitiative.ca\/International\/wp-json\/wp\/v2\/tags?post=63506"}],"curies":[{"name":"wp","href":"https:\/\/api.w.org\/{rel}","templated":true}]}}