{"id":63508,"date":"2019-10-06T13:40:00","date_gmt":"2019-10-06T17:40:00","guid":{"rendered":"https:\/\/linitiative.ca\/International\/le-magistrat-belhachem-incarcere\/"},"modified":"2019-10-06T13:40:00","modified_gmt":"2019-10-06T17:40:00","slug":"le-magistrat-belhachem-incarcere","status":"publish","type":"post","link":"https:\/\/linitiative.ca\/International\/le-magistrat-belhachem-incarcere\/","title":{"rendered":"Le magistrat Belhachem incarc\u00e9r\u00e9"},"content":{"rendered":"<p><br id=\"sep_para_1\" class=\"sep_para access\"\/><\/p>\n<div id=\"para_1\" class=\"para_33364202 resize\">\n<div class=\"texte access firstletter\">Tayeb Belhachem, ancien inspecteur g\u00e9n\u00e9ral du minist\u00e8re de la Justice, a \u00e9t\u00e9 plac\u00e9 ce\u00a0 dimanche 6 octobre en d\u00e9tention provisoire par le conseiller enqu\u00eateur pr\u00e8s la Cour supr\u00eame. Selon des sources ayant confirm\u00e9 l\u2019information, l\u2019ancien inspecteur g\u00e9n\u00e9ral a \u00e9t\u00e9 auditionn\u00e9 aujourd\u2019hui au si\u00e8ge de la Cour supr\u00eame. Il est officiellement poursuivi dans l\u2019affaire baptis\u00e9e \u00ab Louh \u00bb, au nom de l\u2019ancien ministre de la Justice. Dans cette affaire pour laquelle Tayeb Louh a \u00e9t\u00e9 plac\u00e9 en d\u00e9tention provisoire le 22 ao\u00fbt dernier, il est question d\u2019abus de fonction, entrave \u00e0 la justice, incitation \u00e0 la partialit\u00e9 et incitation \u00e0 faux en \u00e9criture officielle.<\/div>\n<\/div>\n<p>Auteur: R\u00e9flexion<br \/>\n<a href=\"https:\/\/www.reflexiondz.net\/Le-magistrat-Belhachem-incarcere_a58053.html\">Cliquez ici pour lire l&rsquo;article depuis sa source.<\/a><\/p>\n","protected":false},"excerpt":{"rendered":"<p>Tayeb Belhachem, ancien inspecteur g\u00e9n\u00e9ral du minist\u00e8re de la Justice, a \u00e9t\u00e9 plac\u00e9 ce\u00a0 dimanche 6 octobre en d\u00e9tention provisoire par le conseiller enqu\u00eateur pr\u00e8s la Cour supr\u00eame. Selon des sources ayant confirm\u00e9 l\u2019information, l\u2019ancien inspecteur g\u00e9n\u00e9ral a \u00e9t\u00e9 auditionn\u00e9 aujourd\u2019hui au si\u00e8ge de la Cour supr\u00eame. Il est officiellement poursuivi dans l\u2019affaire baptis\u00e9e \u00ab [&hellip;]<\/p>\n","protected":false},"author":1740,"featured_media":0,"comment_status":"closed","ping_status":"closed","sticky":false,"template":"","format":"standard","meta":{"fifu_image_url":"","fifu_image_alt":"","footnotes":""},"categories":[53,76],"tags":[],"class_list":["post-63508","post","type-post","status-publish","format-standard","hentry","category-algerie","category-regions"],"_links":{"self":[{"href":"https:\/\/linitiative.ca\/International\/wp-json\/wp\/v2\/posts\/63508","targetHints":{"allow":["GET"]}}],"collection":[{"href":"https:\/\/linitiative.ca\/International\/wp-json\/wp\/v2\/posts"}],"about":[{"href":"https:\/\/linitiative.ca\/International\/wp-json\/wp\/v2\/types\/post"}],"author":[{"embeddable":true,"href":"https:\/\/linitiative.ca\/International\/wp-json\/wp\/v2\/users\/1740"}],"replies":[{"embeddable":true,"href":"https:\/\/linitiative.ca\/International\/wp-json\/wp\/v2\/comments?post=63508"}],"version-history":[{"count":0,"href":"https:\/\/linitiative.ca\/International\/wp-json\/wp\/v2\/posts\/63508\/revisions"}],"wp:attachment":[{"href":"https:\/\/linitiative.ca\/International\/wp-json\/wp\/v2\/media?parent=63508"}],"wp:term":[{"taxonomy":"category","embeddable":true,"href":"https:\/\/linitiative.ca\/International\/wp-json\/wp\/v2\/categories?post=63508"},{"taxonomy":"post_tag","embeddable":true,"href":"https:\/\/linitiative.ca\/International\/wp-json\/wp\/v2\/tags?post=63508"}],"curies":[{"name":"wp","href":"https:\/\/api.w.org\/{rel}","templated":true}]}}