{"id":63514,"date":"2019-10-06T05:20:00","date_gmt":"2019-10-06T09:20:00","guid":{"rendered":"https:\/\/linitiative.ca\/International\/habib-touhami-kais-saied-et-le-developpement-regional\/"},"modified":"2019-10-06T05:20:00","modified_gmt":"2019-10-06T09:20:00","slug":"habib-touhami-kais-saied-et-le-developpement-regional","status":"publish","type":"post","link":"https:\/\/linitiative.ca\/International\/habib-touhami-kais-saied-et-le-developpement-regional\/","title":{"rendered":"Habib Touhami: Ka\u00efs Sa\u00efed et le d\u00e9veloppement r\u00e9gional"},"content":{"rendered":"<p><img decoding=\"async\" src=\"\/uploads\/FCK_files\/Habib-Touhami(14).jpg\" alt=\"\" width=\"30%\" vspace=\"5\" hspace=\"5\" align=\"left\"\/>Comme chacun sait, la politique socio\u00e9conomique n\u2019est pas l\u2019affaire du Pr\u00e9sident de la R\u00e9publique. Toutefois, son immixtion dans la politique du d\u00e9veloppement r\u00e9gional ne devrait\u00a0 pas poser de probl\u00e8me particulier. On peut consid\u00e9rer en effet que le d\u00e9veloppement in\u00e9gal des r\u00e9gions est source de troubles et peut mettre en danger l\u2019unit\u00e9 nationale et la s\u00e9curit\u00e9 int\u00e9rieure du pays, domaine \u00abr\u00e9serv\u00e9\u00bb du Pr\u00e9sident de la R\u00e9publique. Ce qui interroge dans le cas pr\u00e9sent est la solution \u00ab originale \u00bb propos\u00e9e par Ka\u00efs Sa\u00efed, arriv\u00e9 premier au premier tour de l\u2019\u00e9lection pr\u00e9sidentielle et le mieux plac\u00e9 pour devenir le prochain Pr\u00e9sident de la R\u00e9publique tunisienne.<\/p>\n<p>Si l\u2019on en croit son programme, le financement du d\u00e9veloppement r\u00e9gional pourrait \u00eatre assur\u00e9 par \u00ab une contribution \u00bb forc\u00e9e des 460 hommes d\u2019affaires impliqu\u00e9s avec l\u2019ancien r\u00e9gime et fortement soup\u00e7onn\u00e9s de fraudes et de malversations diverses, de sorte que l\u2019homme d\u2019affaires le plus \u00ab corrompu \u00bb parraine et finance les projets de la d\u00e9l\u00e9gation la plus \u00ab pauvre \u00bb selon la terminologie employ\u00e9e par Ka\u00efs Sa\u00efed. On remarquera que les hommes d\u2019affaires corrompus de l\u2019apr\u00e8s-14 Janvier 2011 n\u2019ont pas \u00e9t\u00e9 cit\u00e9s. Simple oubli sans doute. C\u2019est en tout cas apr\u00e8s la r\u00e9alisation compl\u00e8te des projets et une p\u00e9riode de probation de dix ans que l\u2019homme d\u2019affaires incrimin\u00e9 peut obtenir son \u00absik al ghufran\u00bb, son certificat de pardon en quelque sorte. Sur quelle base va-t-on classer les d\u00e9l\u00e9gations de la plus pauvre \u00e0 la moins pauvre et qui va le faire ? Rien de pr\u00e9cis n\u2019est dit par Ka\u00efs Sa\u00efed \u00e0 ce sujet alors que la question est d\u2019une importance capitale et d\u2019une complexit\u00e9 redoutable.<\/p>\n<p>En juriste averti, Ka\u00efs Sa\u00efed prend tout de m\u00eame la pr\u00e9caution de pr\u00e9ciser que la \u00abtransaction\u00bb doit recueillir l\u2019approbation pr\u00e9alable de la Justice. N\u00e9anmoins, on peut se demander si un tel proc\u00e9d\u00e9 est fonctionnel. Pour classer les hommes d\u2019affaires du plus concussionnaire au moins concussionnaire, il faut que leurs dossiers soient examin\u00e9s par des juges ind\u00e9pendants et comp\u00e9tents en mati\u00e8re financi\u00e8re afin de fixer objectivement les montants qu\u2019ils ont d\u00e9rob\u00e9s, soit au fisc, soit \u00e0 la douane, soit \u00e0 la s\u00e9curit\u00e9 sociale. Ces juges sont-ils disponibles et en nombre suffisant pour avancer vite et bien en direction de l\u2019objectif vis\u00e9? L\u00e0 est la question.\u00a0 Il y va autrement du choix des projets locaux de d\u00e9veloppement. Ka\u00efs Sa\u00efed \u00ab d\u00e9l\u00e8gue \u00bb habilement cette d\u00e9cision aux habitants des d\u00e9l\u00e9gations concern\u00e9es. Belle proposition sauf que les populations en question ont une conception tronqu\u00e9e du d\u00e9veloppement socio\u00e9conomique puisqu\u2019elles le limitent \u00e0 l\u2019infrastructure de base et \u00e0 la dotation en plus d\u2019emplois administratifs. Or tout indique que ce qui diff\u00e9rencie fondamentalement une r\u00e9gion relativement d\u00e9velopp\u00e9e d\u2019une r\u00e9gion en retard de d\u00e9veloppement est la r\u00e9partition sectorielle de l\u2019emploi (moins d\u2019emplois administratifs et plus d\u2019emplois directement productifs dans le secondaire et le tertiaire). Quant \u00e0 l\u2019auto-arbitrage pr\u00e9conis\u00e9, il requiert un minimum de comp\u00e9tence et de hauteur de vue, qualit\u00e9s que les \u00e9lus des d\u00e9l\u00e9gations n\u2019auront n\u00e9cessairement pas. M\u00eame l\u2019Etat et l\u2019Administration centrale ont montr\u00e9 par le pass\u00e9 qu\u2019ils n\u2019arrivaient pas \u00e0 arbitrer convenablement.\u00a0\u00a0\u00a0\u00a0\u00a0\u00a0\u00a0\u00a0<\/p>\n<p>Il n\u2019y a pas de raison objective pour douter de la bonne foi de Ka\u00efs Sa\u00efed. Cependant, ses conceptions en ce qui concerne le d\u00e9veloppement r\u00e9gional et les moyens de le financer inqui\u00e8tent parce qu\u2019elles sont inadapt\u00e9es ou obsol\u00e8tes, qu\u2019elles \u00e9liminent l\u2019Etat de la cha\u00eene de d\u00e9cision et qu\u2019elles encouragent l\u2019impr\u00e9cation et la surench\u00e8re. Quant au rel\u00e8vement \u00e9conomique de l\u2019Allemagne apr\u00e8s la Seconde Guerre mondiale, il ne doit pas aux hommes d\u2019affaires nazis repentis comme Ka\u00efs Sa\u00efed l\u2019a \u00e9crit mais bien au Plan Marshall, la l\u00e9gendaire discipline teutonne et le soutien actif des syndicats allemands. Sans la collaboration de la DGB (Conf\u00e9d\u00e9ration allemande des syndicats), rien n\u2019aurait \u00e9t\u00e9 possible. En raison des circonstances, c\u2019est, de mon point de vue, la le\u00e7on la plus judicieuse que les Tunisiens puissent tirer de l\u2019exemple allemand.<\/p>\n<p class=\"c2\"><strong>Habib Touhami<\/strong><br \/>\u00a0<\/p>\n<p>Auteur:<br \/>\n<a href=\"https:\/\/www.leaders.com.tn\/article\/28135-habib-touhami-kais-saied-et-le-developpement-regional\">Cliquez ici pour lire l&rsquo;article depuis sa source.<\/a><\/p>\n","protected":false},"excerpt":{"rendered":"<p>Comme chacun sait, la politique socio\u00e9conomique n\u2019est pas l\u2019affaire du Pr\u00e9sident de la R\u00e9publique. Toutefois, son immixtion dans la politique du d\u00e9veloppement r\u00e9gional ne devrait\u00a0 pas poser de probl\u00e8me particulier. On peut consid\u00e9rer en effet que le d\u00e9veloppement in\u00e9gal des r\u00e9gions est source de troubles et peut mettre en danger l\u2019unit\u00e9 nationale et la s\u00e9curit\u00e9 [&hellip;]<\/p>\n","protected":false},"author":1772,"featured_media":63515,"comment_status":"closed","ping_status":"closed","sticky":false,"template":"","format":"standard","meta":{"fifu_image_url":"","fifu_image_alt":"","footnotes":""},"categories":[73,55],"tags":[],"class_list":["post-63514","post","type-post","status-publish","format-standard","has-post-thumbnail","hentry","category-actualite","category-tunisie"],"_links":{"self":[{"href":"https:\/\/linitiative.ca\/International\/wp-json\/wp\/v2\/posts\/63514","targetHints":{"allow":["GET"]}}],"collection":[{"href":"https:\/\/linitiative.ca\/International\/wp-json\/wp\/v2\/posts"}],"about":[{"href":"https:\/\/linitiative.ca\/International\/wp-json\/wp\/v2\/types\/post"}],"author":[{"embeddable":true,"href":"https:\/\/linitiative.ca\/International\/wp-json\/wp\/v2\/users\/1772"}],"replies":[{"embeddable":true,"href":"https:\/\/linitiative.ca\/International\/wp-json\/wp\/v2\/comments?post=63514"}],"version-history":[{"count":0,"href":"https:\/\/linitiative.ca\/International\/wp-json\/wp\/v2\/posts\/63514\/revisions"}],"wp:featuredmedia":[{"embeddable":true,"href":"https:\/\/linitiative.ca\/International\/wp-json\/"}],"wp:attachment":[{"href":"https:\/\/linitiative.ca\/International\/wp-json\/wp\/v2\/media?parent=63514"}],"wp:term":[{"taxonomy":"category","embeddable":true,"href":"https:\/\/linitiative.ca\/International\/wp-json\/wp\/v2\/categories?post=63514"},{"taxonomy":"post_tag","embeddable":true,"href":"https:\/\/linitiative.ca\/International\/wp-json\/wp\/v2\/tags?post=63514"}],"curies":[{"name":"wp","href":"https:\/\/api.w.org\/{rel}","templated":true}]}}