{"id":63520,"date":"2019-10-06T06:00:00","date_gmt":"2019-10-06T10:00:00","guid":{"rendered":"https:\/\/linitiative.ca\/International\/a-fond-la-forme-avec-la-banane\/"},"modified":"2019-10-06T06:00:00","modified_gmt":"2019-10-06T10:00:00","slug":"a-fond-la-forme-avec-la-banane","status":"publish","type":"post","link":"https:\/\/linitiative.ca\/International\/a-fond-la-forme-avec-la-banane\/","title":{"rendered":"A fond la forme avec la banane"},"content":{"rendered":"<p><h5 class=\"title-populaires\">Les + <span>populaires<\/span> de la semaine<\/h5>\n<\/p>\n<div class=\"first-article article-paragraph\" readability=\"11.9859649123\"><a href=\"\/periscoop\/lallemagne-impressionnee-par-le-hirak-31319\"\/><\/p>\n<div class=\"image\"><img class=\"lazy\" data-original=\"\/data\/images\/article\/thumbs\/ls-lallemagne-impressionnee-par-le-hirak-a158b.jpg\"\/><\/p>\n<p><span>1<\/span><\/p>\n<\/div>\n<p class=\"type-date\"><span>P\u00e9riscoop<\/span> 11:00 | 05-10-2019<\/p>\n<h5 class=\"first-title\"><a href=\"\/periscoop\/lallemagne-impressionnee-par-le-hirak-31319\"\/><\/h5>\n<h5 class=\"title\"><a href=\"\/periscoop\/lallemagne-impressionnee-par-le-hirak-31319\">L\u2019Allemagne impressionn\u00e9e par le Hirak<\/a><\/h5>\n<p><a href=\"\/periscoop\/lallemagne-impressionnee-par-le-hirak-31319\"\/><\/p>\n<p class=\"text\">L&rsquo;ambassadeur de la R\u00e9publique f\u00e9d\u00e9rale d&rsquo;Allemagne, Ulrike Knotz, a indiqu\u00e9 que son pays \u00e9tait impressionn\u00e9 par le Hirak qui illumine l\u2019Alg\u00e9rie depuis le 22 f\u00e9vrier, suscitant l\u2019admiration du monde.<\/p>\n<\/div>\n<div class=\"second-article article-paragraph\" readability=\"14.5502183406\"><a href=\"\/actualites\/belkhadem-renonce-a-la-candidature-31201\"\/><\/p>\n<div class=\"image\"><img class=\"lazy\" data-original=\"\/data\/images\/article\/thumbs\/ls-belkhadem-renonce-a-la-candidature-d2fd8.JPG\"\/><\/p>\n<p><span>2<\/span><\/p>\n<\/div>\n<p class=\"type-date\"><span>Actualit\u00e9s<\/span> 11:00 | 02-10-2019<\/p>\n<h5 class=\"first-title\"><a href=\"\/actualites\/belkhadem-renonce-a-la-candidature-31201\">Pr\u00e9sidentielle du 12 d\u00e9cembre<\/a><\/h5>\n<h5 class=\"title\"><a href=\"\/actualites\/belkhadem-renonce-a-la-candidature-31201\">Belkhadem renonce \u00e0 la candidature<\/a><\/h5>\n<p><a href=\"\/actualites\/belkhadem-renonce-a-la-candidature-31201\"\/><\/p>\n<p class=\"text\">Abdelaziz Belkhadem, qui souhaitait laver l\u2019affront que lui a fait subir, il y a cinq ans, le pr\u00e9sident de la R\u00e9publique, pouss\u00e9 \u00e0 la d\u00e9mission par le mouvement populaire, ne prendra pas sa revanche de sit\u00f4t. Certainement pas \u00e0 l\u2019occasion de l\u2019\u00e9lection pr\u00e9sidentielle du 12 d\u00e9cembre prochain. Un rendez-vous \u00e0 l\u2019occasion duquel il a \u00e9t\u00e9<\/p>\n<\/div>\n<div class=\"others-articles\">\n<div class=\"article\" readability=\"6\"><a href=\"\/periscoop\/tliba-en-italie-31318\"\/><\/p>\n<div class=\"image\"><img class=\"lazy\" data-original=\"\/data\/images\/article\/thumbs\/tliba-en-italie-fbeb9.jpg\"\/><\/p>\n<p><span>3<\/span><\/p>\n<\/div>\n<div class=\"description\" readability=\"7\">\n<p class=\"type-date\"><span>P\u00e9riscoop<\/span> 11:00 | 05-10-2019<\/p>\n<p><a href=\"\/periscoop\/tliba-en-italie-31318\"\/><\/p>\n<p><a href=\"\/periscoop\/tliba-en-italie-31318\"\/><\/p>\n<p class=\"title\">Tliba en Italie ?<\/p>\n<\/div>\n<\/div>\n<div class=\"article\" readability=\"8\"><a href=\"\/actualites\/la-fuite-en-avant-du-gouvernement-31277\"\/><\/p>\n<div class=\"image\"><img class=\"lazy\" data-original=\"\/data\/images\/article\/thumbs\/la-fuite-en-avant-du-gouvernement-41cd7.jpg\"\/><\/p>\n<p><span>4<\/span><\/p>\n<\/div>\n<div class=\"description\" readability=\"11\">\n<p class=\"type-date\"><span>Actualit\u00e9s<\/span> 11:00 | 03-10-2019<\/p>\n<p><a href=\"\/actualites\/la-fuite-en-avant-du-gouvernement-31277\"\/><\/p>\n<p class=\"first-title\">V\u00e9hicules de moins de 3 ans<\/p>\n<p><a href=\"\/actualites\/la-fuite-en-avant-du-gouvernement-31277\"\/><\/p>\n<p class=\"title\">La fuite en avant du gouvernement<\/p>\n<\/div>\n<\/div>\n<div class=\"article\" readability=\"8\"><a href=\"\/actualites\/5-et-3-ans-de-prison-ferme-requis-contre-2-jeunes-de-bejaia-arretes-a-constantine-31282\"\/><\/p>\n<div class=\"image\"><img class=\"lazy\" data-original=\"\/data\/images\/article\/thumbs\/5-et-3-ans-de-prison-ferme-requis-contre-2-jeunes-de-bejaia-arretes-a-constantine-8c973.jpg\"\/><\/p>\n<p><span>5<\/span><\/p>\n<\/div>\n<div class=\"description\" readability=\"11\">\n<p class=\"type-date\"><span>Actualit\u00e9s<\/span> 11:00 | 03-10-2019<\/p>\n<p><a href=\"\/actualites\/5-et-3-ans-de-prison-ferme-requis-contre-2-jeunes-de-bejaia-arretes-a-constantine-31282\"\/><\/p>\n<p class=\"first-title\">Pour possession d\u2019un \u00e9tendard amazigh<\/p>\n<p><a href=\"\/actualites\/5-et-3-ans-de-prison-ferme-requis-contre-2-jeunes-de-bejaia-arretes-a-constantine-31282\"\/><\/p>\n<p class=\"title\">5 et 3 ans de prison ferme requis contre 2 jeunes de B\u00e9ja\u00efa arr\u00eat\u00e9s \u00e0 Constantine<\/p>\n<\/div>\n<\/div>\n<\/div>\n<p>Auteur:<br \/>\n<a href=\"https:\/\/www.lesoirdalgerie.com\/femme-magazine\/a-fond-la-forme-avec-la-banane-31360\">Cliquez ici pour lire l&rsquo;article depuis sa source.<\/a><\/p>\n","protected":false},"excerpt":{"rendered":"<p>Les + populaires de la semaine 1 P\u00e9riscoop 11:00 | 05-10-2019 L\u2019Allemagne impressionn\u00e9e par le Hirak L&rsquo;ambassadeur de la R\u00e9publique f\u00e9d\u00e9rale d&rsquo;Allemagne, Ulrike Knotz, a indiqu\u00e9 que son pays \u00e9tait impressionn\u00e9 par le Hirak qui illumine l\u2019Alg\u00e9rie depuis le 22 f\u00e9vrier, suscitant l\u2019admiration du monde. 2 Actualit\u00e9s 11:00 | 02-10-2019 Pr\u00e9sidentielle du 12 d\u00e9cembre Belkhadem [&hellip;]<\/p>\n","protected":false},"author":1741,"featured_media":0,"comment_status":"closed","ping_status":"closed","sticky":false,"template":"","format":"standard","meta":{"fifu_image_url":"","fifu_image_alt":"","footnotes":""},"categories":[73,53],"tags":[],"class_list":["post-63520","post","type-post","status-publish","format-standard","hentry","category-actualite","category-algerie"],"_links":{"self":[{"href":"https:\/\/linitiative.ca\/International\/wp-json\/wp\/v2\/posts\/63520","targetHints":{"allow":["GET"]}}],"collection":[{"href":"https:\/\/linitiative.ca\/International\/wp-json\/wp\/v2\/posts"}],"about":[{"href":"https:\/\/linitiative.ca\/International\/wp-json\/wp\/v2\/types\/post"}],"author":[{"embeddable":true,"href":"https:\/\/linitiative.ca\/International\/wp-json\/wp\/v2\/users\/1741"}],"replies":[{"embeddable":true,"href":"https:\/\/linitiative.ca\/International\/wp-json\/wp\/v2\/comments?post=63520"}],"version-history":[{"count":0,"href":"https:\/\/linitiative.ca\/International\/wp-json\/wp\/v2\/posts\/63520\/revisions"}],"wp:attachment":[{"href":"https:\/\/linitiative.ca\/International\/wp-json\/wp\/v2\/media?parent=63520"}],"wp:term":[{"taxonomy":"category","embeddable":true,"href":"https:\/\/linitiative.ca\/International\/wp-json\/wp\/v2\/categories?post=63520"},{"taxonomy":"post_tag","embeddable":true,"href":"https:\/\/linitiative.ca\/International\/wp-json\/wp\/v2\/tags?post=63520"}],"curies":[{"name":"wp","href":"https:\/\/api.w.org\/{rel}","templated":true}]}}