{"id":63521,"date":"2019-10-06T06:00:00","date_gmt":"2019-10-06T10:00:00","guid":{"rendered":"https:\/\/linitiative.ca\/International\/beaute\/"},"modified":"2019-10-06T06:00:00","modified_gmt":"2019-10-06T10:00:00","slug":"beaute","status":"publish","type":"post","link":"https:\/\/linitiative.ca\/International\/beaute\/","title":{"rendered":"Beaut\u00e9"},"content":{"rendered":"<p>N\u2019abusez pas de votre vernis pr\u00e9f\u00e9r\u00e9. Toutes les deux semaines environ, laissez respirer vos ongles. Pendant deux jours, n\u2019appliquez pas de vernis sur vos ongles, car le pigment peut, \u00e0 la longue, br\u00fbler la k\u00e9ratine de ces derniers. R\u00e9sultat, des ongles secs et cassants, rien qui ne soit vraiment glamour !<\/p>\n<p>Auteur:<br \/>\n<a href=\"https:\/\/www.lesoirdalgerie.com\/femme-magazine\/beaute-31359\">Cliquez ici pour lire l&rsquo;article depuis sa source.<\/a><\/p>\n","protected":false},"excerpt":{"rendered":"<p>N\u2019abusez pas de votre vernis pr\u00e9f\u00e9r\u00e9. Toutes les deux semaines environ, laissez respirer vos ongles. Pendant deux jours, n\u2019appliquez pas de vernis sur vos ongles, car le pigment peut, \u00e0 la longue, br\u00fbler la k\u00e9ratine de ces derniers. R\u00e9sultat, des ongles secs et cassants, rien qui ne soit vraiment glamour ! Auteur: Cliquez ici pour [&hellip;]<\/p>\n","protected":false},"author":1741,"featured_media":0,"comment_status":"closed","ping_status":"closed","sticky":false,"template":"","format":"standard","meta":{"fifu_image_url":"","fifu_image_alt":"","footnotes":""},"categories":[73,53],"tags":[],"class_list":["post-63521","post","type-post","status-publish","format-standard","hentry","category-actualite","category-algerie"],"_links":{"self":[{"href":"https:\/\/linitiative.ca\/International\/wp-json\/wp\/v2\/posts\/63521","targetHints":{"allow":["GET"]}}],"collection":[{"href":"https:\/\/linitiative.ca\/International\/wp-json\/wp\/v2\/posts"}],"about":[{"href":"https:\/\/linitiative.ca\/International\/wp-json\/wp\/v2\/types\/post"}],"author":[{"embeddable":true,"href":"https:\/\/linitiative.ca\/International\/wp-json\/wp\/v2\/users\/1741"}],"replies":[{"embeddable":true,"href":"https:\/\/linitiative.ca\/International\/wp-json\/wp\/v2\/comments?post=63521"}],"version-history":[{"count":0,"href":"https:\/\/linitiative.ca\/International\/wp-json\/wp\/v2\/posts\/63521\/revisions"}],"wp:attachment":[{"href":"https:\/\/linitiative.ca\/International\/wp-json\/wp\/v2\/media?parent=63521"}],"wp:term":[{"taxonomy":"category","embeddable":true,"href":"https:\/\/linitiative.ca\/International\/wp-json\/wp\/v2\/categories?post=63521"},{"taxonomy":"post_tag","embeddable":true,"href":"https:\/\/linitiative.ca\/International\/wp-json\/wp\/v2\/tags?post=63521"}],"curies":[{"name":"wp","href":"https:\/\/api.w.org\/{rel}","templated":true}]}}