{"id":63526,"date":"2019-10-06T09:14:12","date_gmt":"2019-10-06T13:14:12","guid":{"rendered":"https:\/\/linitiative.ca\/International\/mp-et-pps-des-conseils-nationaux-sur-fond-de-guerre\/"},"modified":"2019-10-06T09:14:12","modified_gmt":"2019-10-06T13:14:12","slug":"mp-et-pps-des-conseils-nationaux-sur-fond-de-guerre","status":"publish","type":"post","link":"https:\/\/linitiative.ca\/International\/mp-et-pps-des-conseils-nationaux-sur-fond-de-guerre\/","title":{"rendered":"MP et PPS : des Conseils nationaux sur fond de guerre !"},"content":{"rendered":"<p><strong>Les actes de violence sont devenus monnaie courante dans les conseils nationaux des partis politiques. Apr\u00e8s les confrontations violentes qui ont eu lieu lors du CN du PPS, vendredi, celui du Mouvement populaire a connu un sc\u00e9nario identique d\u2019une violence inou\u00efe.<\/strong><\/p>\n<div class=\"c10\"\/>\n<p>Le Conseil national du Mouvement populaire (MP), qui s\u2019est tenu ce dimanche 6 octobre, a d\u00fb \u00eatre interrompu apr\u00e8s des altercations survenues pendant le d\u00e9roulement du conseil sous la pr\u00e9sidence du secr\u00e9taire g\u00e9n\u00e9ral du MP, Mohand Laenser. Une partie des membres manifestaient pour faire entendre leur voix d\u00e9non\u00e7ant \u00ab\u00a0une marginalisation\u00a0\u00bb, avant que la salle ne se transforme ensuite en une v\u00e9ritable sc\u00e8ne de guerre sanglante \u00e0 coups de\u2026 chaises et de tables.<\/p>\n<p>Tenue pour proc\u00e9der \u00e0 l\u2019\u00e9lection d\u2019un bureau de 24 membres, le Conseil national du MP s\u2019est retrouv\u00e9 face \u00e0 une double liste, l\u2019une soutenue par la direction du MP, pr\u00e9sid\u00e9e par Mohand Laenser et l\u2019autre propos\u00e9e par Mohamed Fadili, membre du Bureau politique, indique Le360.\u00a0<\/p>\n<p>Lire aussi : <a href=\"https:\/\/www.challenge.ma\/remaniement-un-nouvel-executif-reduit-a-22-ministres-119119\/\">Remaniement : un nouvel Ex\u00e9cutif r\u00e9duit \u00e0 22 ministres<\/a><\/p>\n<p>Sur fond de conflit presque identique, le Comit\u00e9 central du Parti du Progr\u00e8s et du Socialisme (PPS), r\u00e9uni vendredi en session extraordinaire, a ent\u00e9rin\u00e9 la d\u00e9cision du Bureau politique de se retirer du gouvernement, au terme d\u2019un vif d\u00e9bat entre les partisans de la d\u00e9cision du Bureau politique et ceux qui s\u2019y opposent.<\/p>\n<p>Le secr\u00e9taire g\u00e9n\u00e9ral du parti, Nabil Benabdellah a rappel\u00e9 devant le comit\u00e9 les \u00e9tapes de la participation du PPS aux ex\u00e9cutifs pr\u00e9c\u00e9dents depuis 1998 jusqu\u2019au gouvernement actuel qui l\u2019a qualifi\u00e9 de \u00ab\u00a0non homog\u00e8ne\u00a0\u00bb.<\/p>\n<p>Le bureau politique du PPS avait publi\u00e9 un communiqu\u00e9 dans lequel il a d\u00e9clar\u00e9 \u00ab\u00a0constater avec regret que le gouvernement reste, depuis son investiture, prisonni\u00e8re d\u2019une logique de gestion en manque d\u2019inspiration politique lui permettant de mener \u00e0 bien l\u2019\u00e9tape actuelle et les dossiers qui s\u2019imposent\u00a0\u00bb.<\/p>\n<div class=\"c17\">\n<fieldset class=\"c16\">\n<legend><strong><span class=\"c11\">Challenge<\/span><span class=\"c12\">news<\/span><\/strong><\/legend>\n<div class=\"c15\">Le meilleur de la r\u00e9daction s\u00e9lectionn\u00e9 par Challenge :<\/p>\n<\/div>\n<\/fieldset>\n<\/div>\n<p>Auteur: Hassan Manyani<br \/>\n<a href=\"https:\/\/www.challenge.ma\/mp-et-pps-des-conseils-nationaux-sur-fond-de-guerre-119274\/\">Cliquez ici pour lire l&rsquo;article depuis sa source.<\/a><\/p>\n","protected":false},"excerpt":{"rendered":"<p>Les actes de violence sont devenus monnaie courante dans les conseils nationaux des partis politiques. Apr\u00e8s les confrontations violentes qui ont eu lieu lors du CN du PPS, vendredi, celui du Mouvement populaire a connu un sc\u00e9nario identique d\u2019une violence inou\u00efe. Le Conseil national du Mouvement populaire (MP), qui s\u2019est tenu ce dimanche 6 octobre, [&hellip;]<\/p>\n","protected":false},"author":1787,"featured_media":0,"comment_status":"closed","ping_status":"closed","sticky":false,"template":"","format":"standard","meta":{"fifu_image_url":"","fifu_image_alt":"","footnotes":""},"categories":[78,54],"tags":[],"class_list":["post-63526","post","type-post","status-publish","format-standard","hentry","category-economie","category-maroc"],"_links":{"self":[{"href":"https:\/\/linitiative.ca\/International\/wp-json\/wp\/v2\/posts\/63526","targetHints":{"allow":["GET"]}}],"collection":[{"href":"https:\/\/linitiative.ca\/International\/wp-json\/wp\/v2\/posts"}],"about":[{"href":"https:\/\/linitiative.ca\/International\/wp-json\/wp\/v2\/types\/post"}],"author":[{"embeddable":true,"href":"https:\/\/linitiative.ca\/International\/wp-json\/wp\/v2\/users\/1787"}],"replies":[{"embeddable":true,"href":"https:\/\/linitiative.ca\/International\/wp-json\/wp\/v2\/comments?post=63526"}],"version-history":[{"count":0,"href":"https:\/\/linitiative.ca\/International\/wp-json\/wp\/v2\/posts\/63526\/revisions"}],"wp:attachment":[{"href":"https:\/\/linitiative.ca\/International\/wp-json\/wp\/v2\/media?parent=63526"}],"wp:term":[{"taxonomy":"category","embeddable":true,"href":"https:\/\/linitiative.ca\/International\/wp-json\/wp\/v2\/categories?post=63526"},{"taxonomy":"post_tag","embeddable":true,"href":"https:\/\/linitiative.ca\/International\/wp-json\/wp\/v2\/tags?post=63526"}],"curies":[{"name":"wp","href":"https:\/\/api.w.org\/{rel}","templated":true}]}}