{"id":63528,"date":"2019-10-06T10:39:29","date_gmt":"2019-10-06T14:39:29","guid":{"rendered":"https:\/\/linitiative.ca\/International\/deces-de-lhomme-daffaires-et-resistant-moulay-messaoud-agouzzal\/"},"modified":"2019-10-06T10:39:29","modified_gmt":"2019-10-06T14:39:29","slug":"deces-de-lhomme-daffaires-et-resistant-moulay-messaoud-agouzzal","status":"publish","type":"post","link":"https:\/\/linitiative.ca\/International\/deces-de-lhomme-daffaires-et-resistant-moulay-messaoud-agouzzal\/","title":{"rendered":"D\u00e9c\u00e8s de l\u2019homme d\u2019affaires et r\u00e9sistant Moulay Messaoud Agouzzal"},"content":{"rendered":"<p><strong>Moulay Messaoud Agouzzal, Homme d\u2019affaires et r\u00e9sistant, est d\u00e9c\u00e9d\u00e9, samedi dans un h\u00f4pital \u00e0 Casablanca, \u00e0 l\u2019\u00e2ge de 89 ans, des suites d\u2019une longue maladie, a-t-on appris aupr\u00e8s de la CGEM de Mekn\u00e8s-Ifrane.\u00a0<\/strong><\/p>\n<div class=\"c10\"\/>\n<p>N\u00e9 en 1930 \u00e0 Ida Ougnidif, province de Chtouka Ait-Baha, cet autodidacte \u00e9tait op\u00e9rateur \u00e9conomique exceptionnel qui a r\u00e9ussi \u00e0 b\u00e2tir au lendemain de l\u2019ind\u00e9pendance un conglom\u00e9rat \u00e9conomique, diversifi\u00e9 et prosp\u00e8re.<\/p>\n<p>Dans les ann\u00e9es 40, feu <strong>Messaoud Agouzzal<\/strong> s\u2019\u00e9tait lanc\u00e9 dans une activit\u00e9 de n\u00e9goce d\u2019huile d\u2019olive qui lui a rapport\u00e9 beaucoup d\u2019argent, puisqu\u2019en 1956 il \u00e9tait devenu le premier exportateur d\u2019huile d\u2019olive vers l\u2019Italie.<\/p>\n<p>Deux d\u00e9cennies plus tard, Moulay Messaoud va cr\u00e9er les \u00ab\u00a0<strong>Huilleries de Mekn\u00e8s<\/strong>\u00ab\u00a0, puis en 1974 il va se lancer dans le secteur immobilier, mais l\u2019ascension va venir lors de la vague de marocanisation, dans laquelle, Messaoud Agouzzal va racheter Chimicolor et Chimilabo.<\/p>\n<p>Le nom de Moulay Messaoud Ben Brahim Agouzzal \u00e9tait aussi li\u00e9 \u00e0 la r\u00e9sistance et \u00e0 la lutte contre l\u2019occupation. Le d\u00e9funt est \u00e9galement connu pour avoir particip\u00e9 \u00e0 la logistique d\u00e9ploy\u00e9e lors de la <strong>Marche verte<\/strong>.<\/p>\n<p>Feu Agouzzal sera inhum\u00e9, lundi, apr\u00e8s la pri\u00e8re d\u2019Addohr dans la ville de Mekn\u00e8s.<\/p>\n<div class=\"c17\">\n<fieldset class=\"c16\">\n<legend><strong><span class=\"c11\">Challenge<\/span><span class=\"c12\">news<\/span><\/strong><\/legend>\n<div class=\"c15\">Le meilleur de la r\u00e9daction s\u00e9lectionn\u00e9 par Challenge :<\/p>\n<\/div>\n<\/fieldset>\n<\/div>\n<p>Auteur: challenge<br \/>\n<a href=\"https:\/\/www.challenge.ma\/deces-de-lhomme-daffaires-et-resistant-moulay-messaoud-agouzzal-119271\/\">Cliquez ici pour lire l&rsquo;article depuis sa source.<\/a><\/p>\n","protected":false},"excerpt":{"rendered":"<p>Moulay Messaoud Agouzzal, Homme d\u2019affaires et r\u00e9sistant, est d\u00e9c\u00e9d\u00e9, samedi dans un h\u00f4pital \u00e0 Casablanca, \u00e0 l\u2019\u00e2ge de 89 ans, des suites d\u2019une longue maladie, a-t-on appris aupr\u00e8s de la CGEM de Mekn\u00e8s-Ifrane.\u00a0 N\u00e9 en 1930 \u00e0 Ida Ougnidif, province de Chtouka Ait-Baha, cet autodidacte \u00e9tait op\u00e9rateur \u00e9conomique exceptionnel qui a r\u00e9ussi \u00e0 b\u00e2tir au [&hellip;]<\/p>\n","protected":false},"author":1787,"featured_media":0,"comment_status":"closed","ping_status":"closed","sticky":false,"template":"","format":"standard","meta":{"fifu_image_url":"","fifu_image_alt":"","footnotes":""},"categories":[78,54],"tags":[],"class_list":["post-63528","post","type-post","status-publish","format-standard","hentry","category-economie","category-maroc"],"_links":{"self":[{"href":"https:\/\/linitiative.ca\/International\/wp-json\/wp\/v2\/posts\/63528","targetHints":{"allow":["GET"]}}],"collection":[{"href":"https:\/\/linitiative.ca\/International\/wp-json\/wp\/v2\/posts"}],"about":[{"href":"https:\/\/linitiative.ca\/International\/wp-json\/wp\/v2\/types\/post"}],"author":[{"embeddable":true,"href":"https:\/\/linitiative.ca\/International\/wp-json\/wp\/v2\/users\/1787"}],"replies":[{"embeddable":true,"href":"https:\/\/linitiative.ca\/International\/wp-json\/wp\/v2\/comments?post=63528"}],"version-history":[{"count":0,"href":"https:\/\/linitiative.ca\/International\/wp-json\/wp\/v2\/posts\/63528\/revisions"}],"wp:attachment":[{"href":"https:\/\/linitiative.ca\/International\/wp-json\/wp\/v2\/media?parent=63528"}],"wp:term":[{"taxonomy":"category","embeddable":true,"href":"https:\/\/linitiative.ca\/International\/wp-json\/wp\/v2\/categories?post=63528"},{"taxonomy":"post_tag","embeddable":true,"href":"https:\/\/linitiative.ca\/International\/wp-json\/wp\/v2\/tags?post=63528"}],"curies":[{"name":"wp","href":"https:\/\/api.w.org\/{rel}","templated":true}]}}