{"id":63529,"date":"2019-10-06T11:00:32","date_gmt":"2019-10-06T15:00:32","guid":{"rendered":"https:\/\/linitiative.ca\/International\/mission-economique-multi-sectorielle-belge-au-maroc-du-14-au-18-octobre\/"},"modified":"2019-10-06T11:00:32","modified_gmt":"2019-10-06T15:00:32","slug":"mission-economique-multi-sectorielle-belge-au-maroc-du-14-au-18-octobre","status":"publish","type":"post","link":"https:\/\/linitiative.ca\/International\/mission-economique-multi-sectorielle-belge-au-maroc-du-14-au-18-octobre\/","title":{"rendered":"Mission \u00e9conomique multi-sectorielle belge au Maroc du 14 au 18 octobre"},"content":{"rendered":"<p><strong>L\u2019Agence wallonne \u00e0 l\u2019Exportation et aux Investissements \u00c9trangers (AWEX) et l\u2019Agence bruxelloise pour l\u2019Accompagnement de l\u2019Entreprise (HUB Brussels) organisent du 14 au 18 octobre une mission \u00e9conomique multi-sectorielle au Maroc, apprend-on vendredi aupr\u00e8s des organisateurs.<\/strong><\/p>\n<div class=\"c10\"\/>\n<p>Cette mission d\u2019une trentaine d\u2019entreprises belges tous secteurs confondus \u00ab\u00a0intervient suite au succ\u00e8s\u00a0\u00bb de la mission \u00e9conomique de novembre 2018 au Maroc qui avait \u00e9t\u00e9 conduite par la Princesse Astrid, pr\u00e9cise l\u2019<strong>AWEX<\/strong>.<\/p>\n<p>La m\u00eame source qui souligne l\u2019attractivit\u00e9 du Royaume en mati\u00e8re d\u2019investissement, rappelle la signature de nombreux accords de partenariat et commerciaux dans le cadre de la mission \u00e9conomique princi\u00e8re qui ont servi de base \u00e0 renforcer les relations bilat\u00e9rales.<\/p>\n<p>L\u2019AWEX rappelle qu\u2019une dizaine d\u2019entreprises participantes sont actives dans l\u2019\u00e9conomie durable sous toutes ses formes, expliquant que le programme de la <strong>mission multi-sectorielle<\/strong> comprend des activit\u00e9s \u00e0 Casablanca, Rabat et Tanger. Il sera couronn\u00e9 par un d\u00eener de gala organis\u00e9 par Yes4 \u00ab un chef belge \u00e0 Tanger \u00bb en pr\u00e9sence de l\u2019\u00e9quipe d\u2019un grand restaurant de Bruxelles.<\/p>\n<p>Lors des diff\u00e9rentes rencontres, l\u2019accent sera mis sur la formation professionnelle, l\u2019employabilit\u00e9 des jeunes ainsi que les m\u00e9thodes de formation courte afin de donner plus d\u2019opportunit\u00e9s aux primo-arrivants sur le march\u00e9 du travail.<\/p>\n<p>A Rabat, un s\u00e9minaire sera organis\u00e9 en coop\u00e9ration avec le Conseil r\u00e9gional et le <strong>Centre r\u00e9gional d\u2019investissement<\/strong> (CRI) pour \u00e9tudier les opportunit\u00e9s mais aussi l\u2019accompagnement \u00e9ventuel aux entreprises.<\/p>\n<p>A Tanger, les organisateurs mettront en exergue le d\u00e9veloppement de cette ville, ainsi que l\u2019offre \u00e9conomique qu\u2019ils peuvent apporter, ajoute la m\u00eame source.<\/p>\n<div class=\"c17\">\n<fieldset class=\"c16\">\n<legend><strong><span class=\"c11\">Challenge<\/span><span class=\"c12\">news<\/span><\/strong><\/legend>\n<div class=\"c15\">Le meilleur de la r\u00e9daction s\u00e9lectionn\u00e9 par Challenge :<\/p>\n<\/div>\n<\/fieldset>\n<\/div>\n<p>Auteur: challenge<br \/>\n<a href=\"https:\/\/www.challenge.ma\/mission-economique-multi-sectorielle-belge-au-maroc-du-14-au-18-octobre-119170\/\">Cliquez ici pour lire l&rsquo;article depuis sa source.<\/a><\/p>\n","protected":false},"excerpt":{"rendered":"<p>L\u2019Agence wallonne \u00e0 l\u2019Exportation et aux Investissements \u00c9trangers (AWEX) et l\u2019Agence bruxelloise pour l\u2019Accompagnement de l\u2019Entreprise (HUB Brussels) organisent du 14 au 18 octobre une mission \u00e9conomique multi-sectorielle au Maroc, apprend-on vendredi aupr\u00e8s des organisateurs. Cette mission d\u2019une trentaine d\u2019entreprises belges tous secteurs confondus \u00ab\u00a0intervient suite au succ\u00e8s\u00a0\u00bb de la mission \u00e9conomique de novembre 2018 [&hellip;]<\/p>\n","protected":false},"author":1787,"featured_media":0,"comment_status":"closed","ping_status":"closed","sticky":false,"template":"","format":"standard","meta":{"fifu_image_url":"","fifu_image_alt":"","footnotes":""},"categories":[78,54],"tags":[],"class_list":["post-63529","post","type-post","status-publish","format-standard","hentry","category-economie","category-maroc"],"_links":{"self":[{"href":"https:\/\/linitiative.ca\/International\/wp-json\/wp\/v2\/posts\/63529","targetHints":{"allow":["GET"]}}],"collection":[{"href":"https:\/\/linitiative.ca\/International\/wp-json\/wp\/v2\/posts"}],"about":[{"href":"https:\/\/linitiative.ca\/International\/wp-json\/wp\/v2\/types\/post"}],"author":[{"embeddable":true,"href":"https:\/\/linitiative.ca\/International\/wp-json\/wp\/v2\/users\/1787"}],"replies":[{"embeddable":true,"href":"https:\/\/linitiative.ca\/International\/wp-json\/wp\/v2\/comments?post=63529"}],"version-history":[{"count":0,"href":"https:\/\/linitiative.ca\/International\/wp-json\/wp\/v2\/posts\/63529\/revisions"}],"wp:attachment":[{"href":"https:\/\/linitiative.ca\/International\/wp-json\/wp\/v2\/media?parent=63529"}],"wp:term":[{"taxonomy":"category","embeddable":true,"href":"https:\/\/linitiative.ca\/International\/wp-json\/wp\/v2\/categories?post=63529"},{"taxonomy":"post_tag","embeddable":true,"href":"https:\/\/linitiative.ca\/International\/wp-json\/wp\/v2\/tags?post=63529"}],"curies":[{"name":"wp","href":"https:\/\/api.w.org\/{rel}","templated":true}]}}