{"id":63540,"date":"2019-10-06T09:50:05","date_gmt":"2019-10-06T13:50:05","guid":{"rendered":"https:\/\/linitiative.ca\/International\/mali-le-president-qualifie-delucubrations-les-speculations-sur-un-putsch\/"},"modified":"2019-10-06T09:50:05","modified_gmt":"2019-10-06T13:50:05","slug":"mali-le-president-qualifie-delucubrations-les-speculations-sur-un-putsch","status":"publish","type":"post","link":"https:\/\/linitiative.ca\/International\/mali-le-president-qualifie-delucubrations-les-speculations-sur-un-putsch\/","title":{"rendered":"Mali: le pr\u00e9sident qualifie \u00ab\u00a0d\u2019\u00e9lucubrations\u00a0\u00bb les sp\u00e9culations sur un putsch"},"content":{"rendered":"<div readability=\"32\">\n<p>Publi\u00e9 le 06.10.2019 \u00e0 14h50 par AFP<\/p>\n<\/div>\n<div readability=\"141\">\n<p>Le pr\u00e9sident malien Ibrahim Boubacar Ke\u00efta a qualifi\u00e9 \u00ab\u00a0d\u2019\u00e9lucubrations\u00a0\u00bb les sp\u00e9culations sur un putsch militaire \u00e0 la suite d\u2019un revers meurtrier inflig\u00e9 par les jihadistes \u00e0 l\u2019arm\u00e9e gouvernementale, selon des propos diffus\u00e9s dimanche par ses services.<\/p>\n<p>L\u2019arm\u00e9e malienne a essuy\u00e9 ses plus lourdes pertes depuis des ann\u00e9es des mains des jihadistes dans deux attaques lundi et mardi \u00e0 Boulkessy et Mondoro, dans le centre du pays en guerre, pr\u00e8s de la fronti\u00e8re du Burkina Faso.<\/p>\n<p>Trente-huit soldats ont \u00e9t\u00e9 tu\u00e9s, selon un bilan gouvernemental largement soup\u00e7onn\u00e9 d\u2019\u00eatre en de\u00e7\u00e0 de la r\u00e9alit\u00e9. Ces attaques et l\u2019impuissance imput\u00e9e au pouvoir central \u00e0 faire face \u00e0 la d\u00e9gradation continue de la situation ont r\u00e9veill\u00e9 le spectre d\u2019un coup d\u2019Etat semblable \u00e0 celui men\u00e9 par des officiers en 2012.<\/p>\n<p>Le pr\u00e9sident malien a assur\u00e9 samedi que \u00ab\u00a0toutes les cons\u00e9quences\u00a0\u00bb seraient tir\u00e9es de ces \u00e9v\u00e8nements.<\/p>\n<p>Mais, a-t-il ajout\u00e9 devant des responsables politiques, le Mali, \u00ab\u00a0plus que jamais, a besoin de solidarit\u00e9, a besoin de se resserrer, n\u2019a pas besoin d\u2019\u00e9lucubrations des nostalgiques du putsch\u00a0\u00bb.<\/p>\n<p>\u00ab\u00a0Aucun putsch militaire ne pr\u00e9vaudra au Mali, qu\u2019on se le dise. Et je crois que cela n\u2019est pas du tout \u00e0 l\u2019ordre du jour et ne saurait nous inqui\u00e9ter\u00a0\u00bb, a-t-il dit selon l\u2019enregistrement de ses propos diffus\u00e9 par la pr\u00e9sidence.<\/p>\n<p>La bataille de Boulkessy est une nouvelle illustration de la d\u00e9gradation continue de la situation dans ce pays en proie depuis 2012 \u00e0 des insurrections ind\u00e9pendantistes, salafistes et jihadistes et \u00e0 des violences interethniques meurtri\u00e8res. Elle a provoqu\u00e9 la col\u00e8re des familles des soldats, qui ont accus\u00e9 le pouvoir de cacher la v\u00e9rit\u00e9 et de ne pas donner \u00e0 l\u2019arm\u00e9e les moyens de se d\u00e9fendre.<\/p>\n<p>Le chef de l\u2019Etat malien a dit \u00ab\u00a0comprendre l\u2019\u00e9moi\u00a0\u00bb suscit\u00e9 chez \u00ab\u00a0les jeunes militaires\u00a0\u00bb, mais, a-t-il promis, \u00ab\u00a0nous en tirerons toutes les cons\u00e9quences\u00a0\u00bb.<\/p>\n<p>En mars, une attaque jihadiste dans laquelle une trentaine de soldats avaient \u00e9t\u00e9 tu\u00e9s, suivie une semaine apr\u00e8s par le massacre de 160 villageois peuls au cours de violences intercommunautaires, avait d\u00e9bouch\u00e9 sur le limogeage des principaux chefs d\u2019\u00e9tat-major. Le gouvernement avait d\u00e9missionn\u00e9 en avril sous la pression de manifestations contre l\u2019impuissance de l\u2019Etat.<\/p>\n<p>Samedi, le pr\u00e9sident s\u2019est content\u00e9 de demander au gouvernement \u00ab\u00a0d\u2019\u00eatre vigilant, d\u2019anticiper\u00a0\u00bb.<\/p>\n<p>\u2013 \u00ab\u00a0Moyens limit\u00e9s\u00a0\u00bb \u2013<\/p>\n<p>Il a esp\u00e9r\u00e9 que les missions onusienne, africaine et fran\u00e7aise face aux jihadistes porteraient leurs fruits. Mais il a aussi tenu des propos aux sombres perspectives.<\/p>\n<p>\u00ab\u00a0Nous sommes en guerre. \u00c7a veut dire que ce qui s\u2019est pass\u00e9 \u00e0 Boulkessy pourrait malheureusement survenir encore\u00a0\u00bb, a-t-il dit. Par ailleurs, Boulkessy \u00ab\u00a0\u00e9tait l\u2019un de nos points les mieux prot\u00e9g\u00e9s\u00a0\u00bb et avait \u00e9t\u00e9 renforc\u00e9.<\/p>\n<p>Cela n\u2019aurait pas emp\u00each\u00e9 les jihadistes d\u2019y saisir d\u2019importantes quantit\u00e9s d\u2019armes et d\u2019\u00e9quipements.<\/p>\n<p>Lui-m\u00eame a annul\u00e9 un d\u00e9placement en Suisse et en France \u00ab\u00a0en raison de la volatilit\u00e9 des choses\u00a0\u00bb et parce qu\u2019il pensait que sa pr\u00e9sence \u00e9tait \u00ab\u00a0moralement de mise, m\u00eame si elle est de peu d\u2019effet\u00a0\u00bb.<\/p>\n<p>Et face aux agissements des jihadistes, pour lesquels infliger \u00ab\u00a0la mort est devenue l\u2019objectif\u00a0\u00bb, \u00ab\u00a0nos moyens deviennent limit\u00e9s\u00a0\u00bb, a-t-il reconnu.<\/p>\n<p>Les solutions s\u00e9curitaire et politique \u00e0 la d\u00e9t\u00e9rioration de la situation paraissent pour l\u2019heure introuvables.<\/p>\n<p>En 2012, l\u2019incapacit\u00e9 attribu\u00e9e au pouvoir \u00e0 d\u00e9fendre le pays face aux insurrections \u00e9mergentes dans le Nord avait donn\u00e9 lieu \u00e0 un coup d\u2019Etat conduit par des officiers. Le renversement du gouvernement avait pr\u00e9cipit\u00e9 la plong\u00e9e du Mali dans la crise toujours en cours.<\/p>\n<p>Le nord du Mali \u00e9tait alors tomb\u00e9 sous la coupe de groupes jihadistes li\u00e9s \u00e0 Al-Qa\u00efda, \u00e0 la faveur de la d\u00e9route de l\u2019arm\u00e9e face \u00e0 la r\u00e9bellion \u00e0 dominante touareg, d\u2019abord alli\u00e9e \u00e0 ces groupes qui l\u2019ont ensuite \u00e9vinc\u00e9e.<\/p>\n<p>Les jihadistes ont \u00e9t\u00e9 en grande partie chass\u00e9s ou dispers\u00e9s \u00e0 la suite du d\u00e9clenchement en janvier 2013 d\u2019une op\u00e9ration militaire \u00e0 l\u2019initiative de la France.<\/p>\n<p>Mais les violences jihadistes persistent et se sont propag\u00e9es du nord vers le centre et le sud du Mali, puis au Burkina Faso et au Niger voisins, se m\u00ealant \u00e0 des conflits intercommunautaires qui ont fait des centaines de morts.<\/p>\n<\/div>\n<p>Auteur: AFP<br \/>\n<a href=\"https:\/\/www.journalducameroun.com\/mali-le-president-qualifie-delucubrations-les-speculations-sur-un-putsch-2\/\">Cliquez ici pour lire l&rsquo;article depuis sa source.<\/a><\/p>\n","protected":false},"excerpt":{"rendered":"<p>Publi\u00e9 le 06.10.2019 \u00e0 14h50 par AFP Le pr\u00e9sident malien Ibrahim Boubacar Ke\u00efta a qualifi\u00e9 \u00ab\u00a0d\u2019\u00e9lucubrations\u00a0\u00bb les sp\u00e9culations sur un putsch militaire \u00e0 la suite d\u2019un revers meurtrier inflig\u00e9 par les jihadistes \u00e0 l\u2019arm\u00e9e gouvernementale, selon des propos diffus\u00e9s dimanche par ses services. L\u2019arm\u00e9e malienne a essuy\u00e9 ses plus lourdes pertes depuis des ann\u00e9es des [&hellip;]<\/p>\n","protected":false},"author":1965,"featured_media":0,"comment_status":"closed","ping_status":"closed","sticky":false,"template":"","format":"standard","meta":{"fifu_image_url":"","fifu_image_alt":"","footnotes":""},"categories":[73,82],"tags":[],"class_list":["post-63540","post","type-post","status-publish","format-standard","hentry","category-actualite","category-cameroun"],"_links":{"self":[{"href":"https:\/\/linitiative.ca\/International\/wp-json\/wp\/v2\/posts\/63540","targetHints":{"allow":["GET"]}}],"collection":[{"href":"https:\/\/linitiative.ca\/International\/wp-json\/wp\/v2\/posts"}],"about":[{"href":"https:\/\/linitiative.ca\/International\/wp-json\/wp\/v2\/types\/post"}],"author":[{"embeddable":true,"href":"https:\/\/linitiative.ca\/International\/wp-json\/wp\/v2\/users\/1965"}],"replies":[{"embeddable":true,"href":"https:\/\/linitiative.ca\/International\/wp-json\/wp\/v2\/comments?post=63540"}],"version-history":[{"count":0,"href":"https:\/\/linitiative.ca\/International\/wp-json\/wp\/v2\/posts\/63540\/revisions"}],"wp:attachment":[{"href":"https:\/\/linitiative.ca\/International\/wp-json\/wp\/v2\/media?parent=63540"}],"wp:term":[{"taxonomy":"category","embeddable":true,"href":"https:\/\/linitiative.ca\/International\/wp-json\/wp\/v2\/categories?post=63540"},{"taxonomy":"post_tag","embeddable":true,"href":"https:\/\/linitiative.ca\/International\/wp-json\/wp\/v2\/tags?post=63540"}],"curies":[{"name":"wp","href":"https:\/\/api.w.org\/{rel}","templated":true}]}}