{"id":63541,"date":"2019-10-06T11:18:03","date_gmt":"2019-10-06T15:18:03","guid":{"rendered":"https:\/\/linitiative.ca\/International\/marche-silencieuse-a-abidjan-contre-le-viol-dune-fillette-de-3-ans\/"},"modified":"2019-10-06T11:18:03","modified_gmt":"2019-10-06T15:18:03","slug":"marche-silencieuse-a-abidjan-contre-le-viol-dune-fillette-de-3-ans","status":"publish","type":"post","link":"https:\/\/linitiative.ca\/International\/marche-silencieuse-a-abidjan-contre-le-viol-dune-fillette-de-3-ans\/","title":{"rendered":"\u00ab Marche silencieuse\u00bb \u00e0 Abidjan contre le viol d\u2019une fillette de 3 ans"},"content":{"rendered":"<div readability=\"32\">\n<p>Publi\u00e9 le 06.10.2019 \u00e0 16h18 par APA News<\/p>\n<\/div>\n<div readability=\"63\">\n<p>Des centaines de personnes ont march\u00e9 dimanche \u00e0 Angr\u00e9, un quartier hupp\u00e9 dans l\u2019Est d\u2019Abidjan en hommage \u00e0 une fillette de 3 ans pr\u00e9nomm\u00e9e Gr\u00e2ce qui a trouv\u00e9 la mort apr\u00e8s avoir \u00e9t\u00e9 viol\u00e9e fin septembre \u00e0 Dimbokro (Centre ivoirien).V\u00eatus de blanc et de rouge pour la plupart, les marcheurs ont d\u00e9pos\u00e9 des bougies pour certains et des gerbes de fleur pour d\u2019autres sur un lieu symbolique \u00e0 proximit\u00e9 du Centre hospitalier universitaire (CHU) d\u2019Angr\u00e9. La fillette \u00a0avait \u00e9t\u00e9 \u00e9vacu\u00e9e \u00e0 Abidjan o\u00f9 elle est d\u00e9c\u00e9d\u00e9e le lundi 30 septembre 2019 apr\u00e8s une intervention chirurgicale.\u00a0<\/p>\n<p>\u00ab Nous sommes l\u00e0 pour dire non au viol et \u00e0 l\u2019assassinat de nos enfants. Nous devons d\u00e9noncer les violences faites \u00e0 nos enfants. Nous ne devons pas garder le silence\u00bb, a estim\u00e9 une participante \u00e0 cette marche qui a enregistr\u00e9 la pr\u00e9sence de plusieurs visages connus en C\u00f4te d\u2019Ivoire dont le maire de Cocody ( Est d\u2019Abidjan), Jean-Marc Yac\u00e9.\u00a0<\/p>\n<p>Dans la nuit du 28 au 29 septembre dernier \u00e0 Dimbokro, une fillette de trois ans pr\u00e9nomm\u00e9e Gr\u00e2ce, qui \u00a0avait \u00e9t\u00e9 auparavant enlev\u00e9e par un inconnu, a \u00e9t\u00e9 retrouv\u00e9e dans une broussaille dans un \u00e9tat v\u00e9g\u00e9tatif avec ses parties intimes d\u00e9chir\u00e9es.\u00a0<\/p>\n<p>\u00a0Ce crime a suscit\u00e9 l\u2019indignation dans le pays et les autorit\u00e9s ivoiriennes se sont engag\u00e9es \u00e0 prendre non seulement en charge les obs\u00e8ques de la fillette mais \u00e9galement \u00e0 assurer la prise charge psychologiquement de ses parents.\u00a0<\/p>\n<p>L\u2019an dernier, des abidjanais avaient \u00e9galement organis\u00e9 une marche dite silencieuse au m\u00eame endroit ( \u00e0 quelques encablures du CHU de Angr\u00e9) apr\u00e8s l\u2019assassinat de Traor\u00e9 Aboubacar Sidick dit Bouba, un gar\u00e7onnet de 4 ans qui avait \u00e9t\u00e9 retrouv\u00e9 enseveli, ligot\u00e9 avec la gorge tranch\u00e9e.<\/p>\n<\/div>\n<p>Auteur: APA News<br \/>\n<a href=\"https:\/\/www.journalducameroun.com\/marche-silencieuse-a-abidjan-contre-le-viol-dune-fillette-de-3-ans\/\">Cliquez ici pour lire l&rsquo;article depuis sa source.<\/a><\/p>\n","protected":false},"excerpt":{"rendered":"<p>Publi\u00e9 le 06.10.2019 \u00e0 16h18 par APA News Des centaines de personnes ont march\u00e9 dimanche \u00e0 Angr\u00e9, un quartier hupp\u00e9 dans l\u2019Est d\u2019Abidjan en hommage \u00e0 une fillette de 3 ans pr\u00e9nomm\u00e9e Gr\u00e2ce qui a trouv\u00e9 la mort apr\u00e8s avoir \u00e9t\u00e9 viol\u00e9e fin septembre \u00e0 Dimbokro (Centre ivoirien).V\u00eatus de blanc et de rouge pour la [&hellip;]<\/p>\n","protected":false},"author":1965,"featured_media":0,"comment_status":"closed","ping_status":"closed","sticky":false,"template":"","format":"standard","meta":{"fifu_image_url":"","fifu_image_alt":"","footnotes":""},"categories":[73,82],"tags":[],"class_list":["post-63541","post","type-post","status-publish","format-standard","hentry","category-actualite","category-cameroun"],"_links":{"self":[{"href":"https:\/\/linitiative.ca\/International\/wp-json\/wp\/v2\/posts\/63541","targetHints":{"allow":["GET"]}}],"collection":[{"href":"https:\/\/linitiative.ca\/International\/wp-json\/wp\/v2\/posts"}],"about":[{"href":"https:\/\/linitiative.ca\/International\/wp-json\/wp\/v2\/types\/post"}],"author":[{"embeddable":true,"href":"https:\/\/linitiative.ca\/International\/wp-json\/wp\/v2\/users\/1965"}],"replies":[{"embeddable":true,"href":"https:\/\/linitiative.ca\/International\/wp-json\/wp\/v2\/comments?post=63541"}],"version-history":[{"count":0,"href":"https:\/\/linitiative.ca\/International\/wp-json\/wp\/v2\/posts\/63541\/revisions"}],"wp:attachment":[{"href":"https:\/\/linitiative.ca\/International\/wp-json\/wp\/v2\/media?parent=63541"}],"wp:term":[{"taxonomy":"category","embeddable":true,"href":"https:\/\/linitiative.ca\/International\/wp-json\/wp\/v2\/categories?post=63541"},{"taxonomy":"post_tag","embeddable":true,"href":"https:\/\/linitiative.ca\/International\/wp-json\/wp\/v2\/tags?post=63541"}],"curies":[{"name":"wp","href":"https:\/\/api.w.org\/{rel}","templated":true}]}}