{"id":63545,"date":"2019-10-07T08:56:58","date_gmt":"2019-10-07T12:56:58","guid":{"rendered":"https:\/\/linitiative.ca\/International\/environnement-suez-devoile-son-plan-strategique-a-lhorizon-2023\/"},"modified":"2019-10-07T08:56:58","modified_gmt":"2019-10-07T12:56:58","slug":"environnement-suez-devoile-son-plan-strategique-a-lhorizon-2023","status":"publish","type":"post","link":"https:\/\/linitiative.ca\/International\/environnement-suez-devoile-son-plan-strategique-a-lhorizon-2023\/","title":{"rendered":"Environnement  : Suez d\u00e9voile son plan strat\u00e9gique \u00e0 l\u2019horizon 2023"},"content":{"rendered":"<header>\n<div class=\"entry-post-meta\">\n<div class=\"author-link\">Publi\u00e9 par <a itemprop=\"author\" itemscope=\"\" itemtype=\"https:\/\/schema.org\/Person\" href=\"http:\/\/aujourdhui.ma\/profile\/kaid\" rel=\"author\"><span itemprop=\"name\">ALM<\/span><\/a><\/div>\n<p>Date\u00a0:<time content=\"2019-10-07T13:56:58+00:00\" class=\"entry-date updated\" datetime=\"2019-10-07T13:56:58+00:00\">octobre 07, 2019<\/time><\/p>\n<div class=\"entry-cat\">dans:<a href=\"http:\/\/aujourdhui.ma\/category\/economie\" rel=\"category tag\">Economie<\/a><\/div>\n<p>2Vues<\/p>\n<\/div>\n<\/header>\n<div class=\"entry-content clearfix\" readability=\"65\"><img decoding=\"async\" class=\"post_layout_5_img\" src=\"http:\/\/aujourdhui.ma\/wp-content\/uploads\/2017\/10\/SUEZ.jpg?x29840\" alt=\"Environnement : Suez d\u00e9voile son plan strat\u00e9gique \u00e0 l\u2019horizon 2023\"\/><\/p>\n<p class=\"p1\"><span class=\"c4\"><strong>\u00abShaping Suez 2030\u00bb est la nouvelle feuille de route de Suez, le groupe sp\u00e9cialis\u00e9 dans la gestion intelligente et durable des ressources vient de d\u00e9voiler son nouveau plan strat\u00e9gique.<\/strong><\/span><span id=\"more-319315\"\/><\/p>\n<p class=\"p1\">L\u2019objectif \u00e9tant de devenir leader mondial des services \u00e0 l\u2019environnement. \u00ab<em>Nous souhaitons \u00eatre le partenaire privil\u00e9gi\u00e9 de nos clients, salari\u00e9s et parties prenantes, et travailler ensemble pour restaurer et pr\u00e9server les \u00e9l\u00e9ments fondamentaux que sont l\u2019eau, l\u2019air et la terre\u00bb,<\/em> souligne Bertrand Camus, directeur g\u00e9n\u00e9ral de Suez. Et d\u2019ajouter que <em>\u00able succ\u00e8s de Suez 2030 repose sur la mobilisation de l\u2019\u00e9nergie et de l\u2019expertise de nos collaborateurs, permettant ainsi de r\u00e9pondre aux besoins de nos clients et de nos partenaires\u00bb<\/em>.<\/p>\n<p class=\"p1\">Le plan \u00abShaping Suez 2030\u00bb sera d\u00e9ploy\u00e9 dans les trois segments d\u2019activit\u00e9 de Suez, en l\u2019occurrence l\u2019eau, le recyclage et valorisation et le segment \u00abEnvironnemental Tech&#038; Solutions\u00bb. Pour atteindre les objectifs de ce dispositif, Suez s\u2019engage dans un process acc\u00e9l\u00e9r\u00e9 de sa transformation tout en anticipant le d\u00e9veloppement de l\u2019\u00e9conomie circulaire et l\u2019\u00e9mergence de nouveaux mod\u00e8les commerciaux.<\/p>\n<p class=\"p1\">Le plan transformera \u00e0 moyen terme Suez \u00e0 tous les niveaux. Pour les quatre ann\u00e9es \u00e0 venir et jusqu\u2019en 2023, l\u2019ambition du groupe est de mettre en place une nouvelle culture, favoriser une croissance organique soutenue avec une moindre intensit\u00e9 capitalistique, faire \u00e9voluer son portefeuille d\u2019activit\u00e9s et accro\u00eetre son retour sur capitaux employ\u00e9s d\u2019au moins deux points, ce qui augmenterait sa capacit\u00e9 de distribution de dividendes. Le management de Suez s\u2019attend \u00e0 des r\u00e9sultats concrets \u00e0 partir de 2021. Le plan strat\u00e9gique du groupe contribuera, en effet, \u00e0 l\u2019am\u00e9lioration de la cr\u00e9ation de valeur et ce pour toutes les parties prenantes. Le groupe agira ainsi \u00e0 travers le renforcement de ses actions en termes de s\u00e9lectivit\u00e9, simplicit\u00e9 et l\u2019engagement de ses salari\u00e9s aupr\u00e8s des clients.<\/p>\n<\/div>\n<p>Auteur: ALM<br \/>\n<a href=\"http:\/\/aujourdhui.ma\/economie\/environnement-suez-devoile-son-plan-strategique-a-lhorizon-2023\">Cliquez ici pour lire l&rsquo;article depuis sa source.<\/a><\/p>\n","protected":false},"excerpt":{"rendered":"<p>Publi\u00e9 par ALM Date\u00a0:octobre 07, 2019 dans:Economie 2Vues \u00abShaping Suez 2030\u00bb est la nouvelle feuille de route de Suez, le groupe sp\u00e9cialis\u00e9 dans la gestion intelligente et durable des ressources vient de d\u00e9voiler son nouveau plan strat\u00e9gique. L\u2019objectif \u00e9tant de devenir leader mondial des services \u00e0 l\u2019environnement. \u00abNous souhaitons \u00eatre le partenaire privil\u00e9gi\u00e9 de nos [&hellip;]<\/p>\n","protected":false},"author":1759,"featured_media":0,"comment_status":"closed","ping_status":"closed","sticky":false,"template":"","format":"standard","meta":{"fifu_image_url":"","fifu_image_alt":"","footnotes":""},"categories":[73,54],"tags":[],"class_list":["post-63545","post","type-post","status-publish","format-standard","hentry","category-actualite","category-maroc"],"_links":{"self":[{"href":"https:\/\/linitiative.ca\/International\/wp-json\/wp\/v2\/posts\/63545","targetHints":{"allow":["GET"]}}],"collection":[{"href":"https:\/\/linitiative.ca\/International\/wp-json\/wp\/v2\/posts"}],"about":[{"href":"https:\/\/linitiative.ca\/International\/wp-json\/wp\/v2\/types\/post"}],"author":[{"embeddable":true,"href":"https:\/\/linitiative.ca\/International\/wp-json\/wp\/v2\/users\/1759"}],"replies":[{"embeddable":true,"href":"https:\/\/linitiative.ca\/International\/wp-json\/wp\/v2\/comments?post=63545"}],"version-history":[{"count":0,"href":"https:\/\/linitiative.ca\/International\/wp-json\/wp\/v2\/posts\/63545\/revisions"}],"wp:attachment":[{"href":"https:\/\/linitiative.ca\/International\/wp-json\/wp\/v2\/media?parent=63545"}],"wp:term":[{"taxonomy":"category","embeddable":true,"href":"https:\/\/linitiative.ca\/International\/wp-json\/wp\/v2\/categories?post=63545"},{"taxonomy":"post_tag","embeddable":true,"href":"https:\/\/linitiative.ca\/International\/wp-json\/wp\/v2\/tags?post=63545"}],"curies":[{"name":"wp","href":"https:\/\/api.w.org\/{rel}","templated":true}]}}