{"id":63546,"date":"2019-10-07T09:01:33","date_gmt":"2019-10-07T13:01:33","guid":{"rendered":"https:\/\/linitiative.ca\/International\/le-1er-marche-a-bestiaux-moderne-du-maroc-fin-pret\/"},"modified":"2019-10-07T09:01:33","modified_gmt":"2019-10-07T13:01:33","slug":"le-1er-marche-a-bestiaux-moderne-du-maroc-fin-pret","status":"publish","type":"post","link":"https:\/\/linitiative.ca\/International\/le-1er-marche-a-bestiaux-moderne-du-maroc-fin-pret\/","title":{"rendered":"Le 1er march\u00e9 \u00e0 bestiaux moderne du Maroc fin pr\u00eat"},"content":{"rendered":"<p><img decoding=\"async\" class=\"post_layout_5_img\" src=\"http:\/\/aujourdhui.ma\/wp-content\/uploads\/2019\/10\/Akhannouch-Sidi-Bennour-premier-marche%CC%81-a%CC%80-bestiaux-moderne-du-Maroc-1.jpg?x29840\" alt=\"Le 1er march\u00e9 \u00e0 bestiaux moderne du Maroc fin pr\u00eat\"\/><\/p>\n<p class=\"p1\"><span class=\"c4\"><strong><span class=\"s1\"><em>Il ouvrira prochainement \u00e0 Sidi Bennour<\/em><\/span><\/strong><\/span> <span id=\"more-319314\"\/><\/p>\n<p class=\"p1\"><span class=\"s1\">Le premier march\u00e9 \u00e0 bestiaux moderne du Maroc ne tardera pas \u00e0 ouvrir ses portes. Les travaux avancent \u00e0 grands pas en vue de doter le Royaume d\u2019une plate-forme commerciale \u00e0 forte valeur ajout\u00e9e. Aziz Akhannouch, ministre de l\u2019agriculture, de la p\u00eache maritime, du d\u00e9veloppement rural et des eaux et for\u00eats, s\u2019est enquis en personne de l\u2019\u00e9tat d\u2019avancement de cette infrastructure mise en place au niveau de la province de Sidi Bennour pr\u00e9cis\u00e9ment \u00e0 Douar Touil\u00e2at, commune rurale Lmachrek.<\/span><\/p>\n<p class=\"p1\"><span class=\"s1\">Ce projet fait partie des 12 march\u00e9s pr\u00e9vus au niveau national. Portant sur un investissement global de 20 millions de dirhams, ce projet (5,8 hectares) disposera \u00e0 terme d\u2019une capacit\u00e9 de 2.000 t\u00eates ovines, 4.000 t\u00eates bovines et 400 t\u00eates d\u2019\u00e9quid\u00e9s. <em>\u00abCiblant pr\u00e8s de 18.000 agriculteurs, le march\u00e9 offrira un cadre structur\u00e9 et des services adapt\u00e9s aux activit\u00e9s de commercialisation du b\u00e9tail.<\/em><\/span><\/p>\n<p class=\"p1\"><span class=\"s1\"><em>Il permettra de s\u2019approvisionner depuis toute la r\u00e9gion des Doukkala et de desservir les exploitations et les abattoirs r\u00e9gionaux et nationaux\u00bb<\/em>, peut-on relever du d\u00e9partement de l\u2019agriculture. La mise en place de telles infrastructures mettra fin \u00e0 l\u2019anarchie qui s\u00e9vit dans le circuit de commercialisation du b\u00e9tail. Ainsi, les producteurs peuvent intervenir dans ce sens sans pour autant \u00eatre contraints de faire appel aux interm\u00e9diaires locaux particuli\u00e8rement les \u00abChennakas\u00bb. A cet effet le nouveau march\u00e9 assurera une incidence positive sur le revenu des \u00e9leveurs. La visite du ministre \u00e0 ce chantier intervient en marge de l\u2019ouverture de la 2\u00e8me \u00e9dition du Salon professionnel de l\u2019\u00e9levage de Sidi Bennour.<\/span><\/p>\n<p><a href=\"http:\/\/aujourdhui.ma\/wp-content\/uploads\/2019\/10\/Akhannouch-Sidi-Bennour-premier-marche%CC%81-a%CC%80-bestiaux-moderne-du-Maroc.jpg?x29840\"><img loading=\"lazy\" decoding=\"async\" class=\"size-full wp-image-319318 aligncenter\" src=\"http:\/\/aujourdhui.ma\/wp-content\/uploads\/2019\/10\/Akhannouch-Sidi-Bennour-premier-marche%CC%81-a%CC%80-bestiaux-moderne-du-Maroc.jpg?x29840\" alt=\"\" width=\"746\" height=\"380\" srcset=\"http:\/\/aujourdhui.ma\/wp-content\/uploads\/2019\/10\/Akhannouch-Sidi-Bennour-premier-marche\u0301-a\u0300-bestiaux-moderne-du-Maroc.jpg 746w, http:\/\/aujourdhui.ma\/wp-content\/uploads\/2019\/10\/Akhannouch-Sidi-Bennour-premier-marche\u0301-a\u0300-bestiaux-moderne-du-Maroc-300x153.jpg 300w\" sizes=\"auto, (max-width: 746px) 100vw, 746px\"\/><\/a><\/p>\n<p class=\"p1\"><span class=\"s1\">Les travaux de cette manifestation ayant pris fin dimanche<span class=\"Apple-converted-space\">\u00a0<\/span> se sont articul\u00e9s autour de la valorisation et la commercialisation des produits agricoles dans la province. L\u2019objectif \u00e9tant de d\u00e9velopper la fili\u00e8re des viandes rouges au Maroc. Une fili\u00e8re qui a am\u00e9lior\u00e9 sa performance depuis la signature du premier contrat-programme en 2009 conform\u00e9ment aux dispositions du Plan Maroc Vert.<\/span><\/p>\n<p class=\"p1\"><span class=\"s1\">Le deuxi\u00e8me contrat-programme a \u00e9t\u00e9 ratifi\u00e9 en 2014 visant \u00e0 l\u2019horizon 2020 une production de 612.000 tonnes de viandes rouges, un chiffre d\u2019affaires de 30 milliards de dirhams, une consommation de 17,3 kg\/habitant\/an et la cr\u00e9ation de 80.000 emplois suppl\u00e9mentaires. A fin 2018, la production de la fili\u00e8re s\u2019est situ\u00e9e autour de 603.000 tonnes. Le chiffre d\u2019affaires a port\u00e9 sur une valeur de 26 milliards de dirhams. La consommation de viande rouge a atteint les 17 kg\/habitant par an. De m\u00eame, la fili\u00e8re a r\u00e9ussi \u00e0 cr\u00e9er de pr\u00e8s de 43,6 millions journ\u00e9es de travail \u00e0 fin 2018.<\/span><\/p>\n<p>Auteur: Kawtar Tali<br \/>\n<a href=\"http:\/\/aujourdhui.ma\/economie\/le-1er-marche-a-bestiaux-moderne-du-maroc-fin-pret\">Cliquez ici pour lire l&rsquo;article depuis sa source.<\/a><\/p>\n","protected":false},"excerpt":{"rendered":"<p>Il ouvrira prochainement \u00e0 Sidi Bennour Le premier march\u00e9 \u00e0 bestiaux moderne du Maroc ne tardera pas \u00e0 ouvrir ses portes. Les travaux avancent \u00e0 grands pas en vue de doter le Royaume d\u2019une plate-forme commerciale \u00e0 forte valeur ajout\u00e9e. Aziz Akhannouch, ministre de l\u2019agriculture, de la p\u00eache maritime, du d\u00e9veloppement rural et des eaux [&hellip;]<\/p>\n","protected":false},"author":1759,"featured_media":0,"comment_status":"closed","ping_status":"closed","sticky":false,"template":"","format":"standard","meta":{"fifu_image_url":"","fifu_image_alt":"","footnotes":""},"categories":[73,54],"tags":[],"class_list":["post-63546","post","type-post","status-publish","format-standard","hentry","category-actualite","category-maroc"],"_links":{"self":[{"href":"https:\/\/linitiative.ca\/International\/wp-json\/wp\/v2\/posts\/63546","targetHints":{"allow":["GET"]}}],"collection":[{"href":"https:\/\/linitiative.ca\/International\/wp-json\/wp\/v2\/posts"}],"about":[{"href":"https:\/\/linitiative.ca\/International\/wp-json\/wp\/v2\/types\/post"}],"author":[{"embeddable":true,"href":"https:\/\/linitiative.ca\/International\/wp-json\/wp\/v2\/users\/1759"}],"replies":[{"embeddable":true,"href":"https:\/\/linitiative.ca\/International\/wp-json\/wp\/v2\/comments?post=63546"}],"version-history":[{"count":0,"href":"https:\/\/linitiative.ca\/International\/wp-json\/wp\/v2\/posts\/63546\/revisions"}],"wp:attachment":[{"href":"https:\/\/linitiative.ca\/International\/wp-json\/wp\/v2\/media?parent=63546"}],"wp:term":[{"taxonomy":"category","embeddable":true,"href":"https:\/\/linitiative.ca\/International\/wp-json\/wp\/v2\/categories?post=63546"},{"taxonomy":"post_tag","embeddable":true,"href":"https:\/\/linitiative.ca\/International\/wp-json\/wp\/v2\/tags?post=63546"}],"curies":[{"name":"wp","href":"https:\/\/api.w.org\/{rel}","templated":true}]}}