{"id":63548,"date":"2019-10-07T09:53:06","date_gmt":"2019-10-07T13:53:06","guid":{"rendered":"https:\/\/linitiative.ca\/International\/foire-agricole-internationale-de-dakhla-oued-eddahab-comme-si-vous-y-etiez\/"},"modified":"2019-10-07T09:53:06","modified_gmt":"2019-10-07T13:53:06","slug":"foire-agricole-internationale-de-dakhla-oued-eddahab-comme-si-vous-y-etiez","status":"publish","type":"post","link":"https:\/\/linitiative.ca\/International\/foire-agricole-internationale-de-dakhla-oued-eddahab-comme-si-vous-y-etiez\/","title":{"rendered":"Foire agricole internationale de Dakhla-Oued Eddahab : Comme si vous  y \u00e9tiez !"},"content":{"rendered":"<header>\n<div class=\"entry-post-meta\">\n<div class=\"author-link\">Publi\u00e9 par <a itemprop=\"author\" itemscope=\"\" itemtype=\"https:\/\/schema.org\/Person\" href=\"http:\/\/aujourdhui.ma\/profile\/kaid\" rel=\"author\"><span itemprop=\"name\">ALM<\/span><\/a><\/div>\n<p>Date\u00a0:<time content=\"2019-10-07T14:53:06+00:00\" class=\"entry-date updated\" datetime=\"2019-10-07T14:53:06+00:00\">octobre 07, 2019<\/time><\/p>\n<p>3Vues<\/p>\n<\/div>\n<\/header>\n<div class=\"entry-content clearfix\" readability=\"55\">\n<p class=\"p1\"><span class=\"c4\"><strong><em>La 4\u00e8me \u00e9dition de la Foire agricole internationale de Dakhla-Oued Eddahab (FAID 2019) s\u2019est ouverte vendredi \u00e0 Dakhla, sous le th\u00e8me \u00abL\u2019agriculture levier pour l\u2019emploi des jeunes et le d\u00e9veloppement du monde rural\u00bb.<\/em><\/strong><\/span><span id=\"more-319329\"\/><\/p>\n<p class=\"p1\"><em>Organis\u00e9e par la Chambre d\u2019agriculture de Dakhla-Oued Eddahab, en partenariat avec la Direction r\u00e9gionale de l\u2019agriculture et l\u2019Office national du conseil agricole et en collaboration avec l\u2019Office national de s\u00e9curit\u00e9 sanitaire des produits alimentaires, la wilaya et le conseil de la r\u00e9gion, cette manifestation \u00e0 vocation agricole intervient dans le cadre de la mise en \u0153uvre du plan r\u00e9gional agricole, qui s\u2019inscrit dans le cadre de la strat\u00e9gie du Plan Maroc Vert (PMV).<\/em><\/p>\n<p class=\"p1\"><em>La c\u00e9r\u00e9monie d\u2019ouverture de cette manifestation qui a \u00e9t\u00e9 pr\u00e9sid\u00e9e par le wali de la r\u00e9gion, gouverneur de la province Oued-Eddahab, Lamine Benomar, en pr\u00e9sence des pr\u00e9sidents des conseils \u00e9lus, des chefs des services ext\u00e9rieurs et des experts dans le domaine agricole, constitue une plate-forme d\u2019\u00e9changes et de r\u00e9seautage entre les professionnels locaux et les acteurs nationaux et internationaux, ainsi que les d\u00e9partements de tutelle.<\/em><\/p>\n<\/div>\n<p>Auteur: ALM<br \/>\n<a href=\"http:\/\/aujourdhui.ma\/economie\/foire-agricole-internationale-de-dakhla-oued-eddahab-comme-si-vous-y-etiez\">Cliquez ici pour lire l&rsquo;article depuis sa source.<\/a><\/p>\n","protected":false},"excerpt":{"rendered":"<p>Publi\u00e9 par ALM Date\u00a0:octobre 07, 2019 3Vues La 4\u00e8me \u00e9dition de la Foire agricole internationale de Dakhla-Oued Eddahab (FAID 2019) s\u2019est ouverte vendredi \u00e0 Dakhla, sous le th\u00e8me \u00abL\u2019agriculture levier pour l\u2019emploi des jeunes et le d\u00e9veloppement du monde rural\u00bb. Organis\u00e9e par la Chambre d\u2019agriculture de Dakhla-Oued Eddahab, en partenariat avec la Direction r\u00e9gionale de [&hellip;]<\/p>\n","protected":false},"author":1759,"featured_media":0,"comment_status":"closed","ping_status":"closed","sticky":false,"template":"","format":"standard","meta":{"fifu_image_url":"","fifu_image_alt":"","footnotes":""},"categories":[73,54],"tags":[],"class_list":["post-63548","post","type-post","status-publish","format-standard","hentry","category-actualite","category-maroc"],"_links":{"self":[{"href":"https:\/\/linitiative.ca\/International\/wp-json\/wp\/v2\/posts\/63548","targetHints":{"allow":["GET"]}}],"collection":[{"href":"https:\/\/linitiative.ca\/International\/wp-json\/wp\/v2\/posts"}],"about":[{"href":"https:\/\/linitiative.ca\/International\/wp-json\/wp\/v2\/types\/post"}],"author":[{"embeddable":true,"href":"https:\/\/linitiative.ca\/International\/wp-json\/wp\/v2\/users\/1759"}],"replies":[{"embeddable":true,"href":"https:\/\/linitiative.ca\/International\/wp-json\/wp\/v2\/comments?post=63548"}],"version-history":[{"count":0,"href":"https:\/\/linitiative.ca\/International\/wp-json\/wp\/v2\/posts\/63548\/revisions"}],"wp:attachment":[{"href":"https:\/\/linitiative.ca\/International\/wp-json\/wp\/v2\/media?parent=63548"}],"wp:term":[{"taxonomy":"category","embeddable":true,"href":"https:\/\/linitiative.ca\/International\/wp-json\/wp\/v2\/categories?post=63548"},{"taxonomy":"post_tag","embeddable":true,"href":"https:\/\/linitiative.ca\/International\/wp-json\/wp\/v2\/tags?post=63548"}],"curies":[{"name":"wp","href":"https:\/\/api.w.org\/{rel}","templated":true}]}}